{"id":14909,"date":"2025-04-04T17:17:37","date_gmt":"2025-04-04T17:17:37","guid":{"rendered":"https:\/\/ladepeche.mr\/?p=14909"},"modified":"2025-04-04T17:17:37","modified_gmt":"2025-04-04T17:17:37","slug":"le-parti-al-islah-remet-ses-propositions-au-coordinateur-du-dialogue-national","status":"publish","type":"post","link":"https:\/\/ladepeche.mr\/?p=14909","title":{"rendered":"Le parti \u00abAl Islah \u00bb remet ses propositions au coordinateur du dialogue national"},"content":{"rendered":"<p>Une d\u00e9l\u00e9gation du parti \u00ab Al Islah \u00bb, conduite par son pr\u00e9sident, Me Mohamed Ould Talebna, a rendu visite aujourd\u2019hui au coordinateur du dialogue national, M. Moussa Fall, au si\u00e8ge de la Coordination du dialogue dans la province de Tevragh Zeina.<br \/>\nAu cours de la rencontre, les deux parties ont des \u00e9changes sur le dialogue national en cours pr\u00e9paration en conformit\u00e9 avec l\u2019engagement de Son Excellence le Pr\u00e9sident de la R\u00e9publique, Mohamed Ould Cheikh Ghazouani, et compris dans son programme \u00e9lectoral \u00ab Mon ambition pour la patrie \u00bb. Les discussions ont port\u00e9 sur le r\u00f4le des partis politiques et les consultations des parties concern\u00e9es devant aboutir \u00e0 l\u2019organisation d\u2019un dialogue s\u00e9rieux et b\u00e9n\u00e9fique pour le pays.<br \/>\nLe coordinateur du dialogue a, pour sa part, remerci\u00e9 le pr\u00e9sident du parti \u00ab Al Islah \u00bb pour cette visite et pour la r\u00e9ponse rapide du parti aux propositions soumises.<\/p>\n","protected":false},"excerpt":{"rendered":"<p>Une d\u00e9l\u00e9gation du parti \u00ab Al Islah \u00bb, conduite par son pr\u00e9sident, Me Mohamed Ould Talebna, a rendu visite aujourd\u2019hui au coordinateur du dialogue national, M. Moussa Fall, au si\u00e8ge de la Coordination du dialogue dans la province de Tevragh Zeina. Au cours de la rencontre, les deux parties ont des \u00e9changes sur le dialogue &hellip;<\/p>\n","protected":false},"author":2,"featured_media":14896,"comment_status":"open","ping_status":"open","sticky":false,"template":"","format":"standard","meta":{"footnotes":""},"categories":[18,31],"tags":[],"class_list":["post-14909","post","type-post","status-publish","format-standard","has-post-thumbnail","hentry","category-actualites","category-politique-et-reportages"],"_links":{"self":[{"href":"https:\/\/ladepeche.mr\/index.php?rest_route=\/wp\/v2\/posts\/14909","targetHints":{"allow":["GET"]}}],"collection":[{"href":"https:\/\/ladepeche.mr\/index.php?rest_route=\/wp\/v2\/posts"}],"about":[{"href":"https:\/\/ladepeche.mr\/index.php?rest_route=\/wp\/v2\/types\/post"}],"author":[{"embeddable":true,"href":"https:\/\/ladepeche.mr\/index.php?rest_route=\/wp\/v2\/users\/2"}],"replies":[{"embeddable":true,"href":"https:\/\/ladepeche.mr\/index.php?rest_route=%2Fwp%2Fv2%2Fcomments&post=14909"}],"version-history":[{"count":1,"href":"https:\/\/ladepeche.mr\/index.php?rest_route=\/wp\/v2\/posts\/14909\/revisions"}],"predecessor-version":[{"id":14910,"href":"https:\/\/ladepeche.mr\/index.php?rest_route=\/wp\/v2\/posts\/14909\/revisions\/14910"}],"wp:featuredmedia":[{"embeddable":true,"href":"https:\/\/ladepeche.mr\/index.php?rest_route=\/wp\/v2\/media\/14896"}],"wp:attachment":[{"href":"https:\/\/ladepeche.mr\/index.php?rest_route=%2Fwp%2Fv2%2Fmedia&parent=14909"}],"wp:term":[{"taxonomy":"category","embeddable":true,"href":"https:\/\/ladepeche.mr\/index.php?rest_route=%2Fwp%2Fv2%2Fcategories&post=14909"},{"taxonomy":"post_tag","embeddable":true,"href":"https:\/\/ladepeche.mr\/index.php?rest_route=%2Fwp%2Fv2%2Ftags&post=14909"}],"curies":[{"name":"wp","href":"https:\/\/api.w.org\/{rel}","templated":true}]}}