{"id":1492,"date":"2022-08-18T18:29:05","date_gmt":"2022-08-18T18:29:05","guid":{"rendered":"https:\/\/ladepeche.mr\/?p=1492"},"modified":"2022-08-18T18:31:57","modified_gmt":"2022-08-18T18:31:57","slug":"affaire-mondafrique-vs-bmi","status":"publish","type":"post","link":"https:\/\/ladepeche.mr\/?p=1492","title":{"rendered":"Justice: Affaire &#8220;Mondafrique&#8221; vs BMI, en compl\u00e9ment d&#8217;enqu\u00eate!"},"content":{"rendered":"<p>L&#8217;affaire du journaliste, Moussa Ould Samba Sy <strong>(photo)<\/strong>, directeur publication &#8220;Le Quotidien de Nouakchott&#8221; et du site &#8220;mauriweb.info&#8221;, par ailleurs, correspondant \u00e0 Nouakchott du site &#8220;Mondafrique&#8221; a \u00e9t\u00e9 renvoy\u00e9e par le Procureur de la R\u00e9publique devant la police pour &#8220;compl\u00e9ment d&#8217;enqu\u00eate&#8221;.<\/p>\n<p>Poursuivi pour diffamation par l&#8217;homme d&#8217;affaires et patron de la BMI, Zein Al Abidine, Mousssa Samba Sy avait \u00e9t\u00e9\u00a0\u00a0convoqu\u00e9 mercredi dernier par le Procureur de la R\u00e9publique de Nouakchott-ouest, pour r\u00e9ponde d&#8217;une plainte en diffamation, convocation suivie avec beaucoup d&#8217;int\u00e9r\u00eat par la corporation.<\/p>\n<p>Dans un article publi\u00e9 par le site fran\u00e7ais, Moussa Samba Sy avait cosign\u00e9, avec Nicolas Beau, directeur de publication de &#8220;Mondafrique&#8221;, un article sur les frasques de gestion de l&#8217;ancien pr\u00e9sident, Mohamed Ould Abdelaziz et dans lequel Zein Al Abidine est cit\u00e9.<\/p>\n<p>En cette circonstance, &#8220;La D\u00e9p\u00eache&#8221; exprime sa solidarit\u00e9 avec le confr\u00e8re Moussa Samba Sy.<\/p>\n","protected":false},"excerpt":{"rendered":"<p>L&#8217;affaire du journaliste, Moussa Ould Samba Sy (photo), directeur publication &#8220;Le Quotidien de Nouakchott&#8221; et du site &#8220;mauriweb.info&#8221;, par ailleurs, correspondant \u00e0 Nouakchott du site &#8220;Mondafrique&#8221; a \u00e9t\u00e9 renvoy\u00e9e par le Procureur de la R\u00e9publique devant la police pour &#8220;compl\u00e9ment d&#8217;enqu\u00eate&#8221;. Poursuivi pour diffamation par l&#8217;homme d&#8217;affaires et patron de la BMI, Zein Al Abidine, &hellip;<\/p>\n","protected":false},"author":2,"featured_media":1493,"comment_status":"open","ping_status":"open","sticky":false,"template":"","format":"standard","meta":{"footnotes":""},"categories":[18],"tags":[],"class_list":["post-1492","post","type-post","status-publish","format-standard","has-post-thumbnail","hentry","category-actualites"],"_links":{"self":[{"href":"https:\/\/ladepeche.mr\/index.php?rest_route=\/wp\/v2\/posts\/1492","targetHints":{"allow":["GET"]}}],"collection":[{"href":"https:\/\/ladepeche.mr\/index.php?rest_route=\/wp\/v2\/posts"}],"about":[{"href":"https:\/\/ladepeche.mr\/index.php?rest_route=\/wp\/v2\/types\/post"}],"author":[{"embeddable":true,"href":"https:\/\/ladepeche.mr\/index.php?rest_route=\/wp\/v2\/users\/2"}],"replies":[{"embeddable":true,"href":"https:\/\/ladepeche.mr\/index.php?rest_route=%2Fwp%2Fv2%2Fcomments&post=1492"}],"version-history":[{"count":5,"href":"https:\/\/ladepeche.mr\/index.php?rest_route=\/wp\/v2\/posts\/1492\/revisions"}],"predecessor-version":[{"id":1498,"href":"https:\/\/ladepeche.mr\/index.php?rest_route=\/wp\/v2\/posts\/1492\/revisions\/1498"}],"wp:featuredmedia":[{"embeddable":true,"href":"https:\/\/ladepeche.mr\/index.php?rest_route=\/wp\/v2\/media\/1493"}],"wp:attachment":[{"href":"https:\/\/ladepeche.mr\/index.php?rest_route=%2Fwp%2Fv2%2Fmedia&parent=1492"}],"wp:term":[{"taxonomy":"category","embeddable":true,"href":"https:\/\/ladepeche.mr\/index.php?rest_route=%2Fwp%2Fv2%2Fcategories&post=1492"},{"taxonomy":"post_tag","embeddable":true,"href":"https:\/\/ladepeche.mr\/index.php?rest_route=%2Fwp%2Fv2%2Ftags&post=1492"}],"curies":[{"name":"wp","href":"https:\/\/api.w.org\/{rel}","templated":true}]}}