{"id":14920,"date":"2025-04-04T20:40:26","date_gmt":"2025-04-04T20:40:26","guid":{"rendered":"https:\/\/ladepeche.mr\/?p=14920"},"modified":"2025-04-04T20:40:26","modified_gmt":"2025-04-04T20:40:26","slug":"le-dollar-seffondre-apres-loffensive-douaniere-de-trump","status":"publish","type":"post","link":"https:\/\/ladepeche.mr\/?p=14920","title":{"rendered":"Le dollar s\u2019effondre apr\u00e8s l\u2019offensive douani\u00e8re de Trump"},"content":{"rendered":"<p>Le dollar a acc\u00e9l\u00e9r\u00e9 sa chute jeudi, perdant plus de 2,6% face \u00e0 l\u2019euro, au lendemain de la d\u00e9claration de guerre commerciale lanc\u00e9e par Donald Trump, qui fait craindre pour l\u2019\u00e9conomie am\u00e9ricaine \u2014 un tel mouvement de la monnaie unique n\u2019avait plus \u00e9t\u00e9 vu depuis 2015, selon l\u2019agence Bloomberg.<br \/>\nVers 11H15 GMT, le billet vert d\u00e9vissait de 1,82% face \u00e0 l\u2019euro, \u00e0 1,1055 dollar, apr\u00e8s \u00eatre tomb\u00e9 \u00e0 1,1144 dollar, un plus bas depuis septembre 2024.<\/p>\n<p>\u00ab L\u2019affaiblissement du billet vert sugg\u00e8re que les investisseurs per\u00e7oivent un risque de croissance plus important que pr\u00e9vu pour les \u00c9tats-Unis, ce qui pourrait contraindre la R\u00e9serve f\u00e9d\u00e9rale (Fed) \u00e0 baisser ses taux plus fortement qu\u2019initialement pr\u00e9vu \u00bb, expose Ricardo Evangelista, d\u2019ActivTrades.<\/p>\n<p>Or des taux d\u2019int\u00e9r\u00eats plus faibles rendraient le dollar moins r\u00e9mun\u00e9rateur pour les investisseurs, et les pousserait \u00e0 d\u00e9laisser cette devise.<\/p>\n<p>Parall\u00e8lement, \u00ab les op\u00e9rateurs anticipent une augmentation des mesures de relance budg\u00e9taire en Europe, ce qui apporte un soutien suppl\u00e9mentaire \u00e0 la monnaie unique \u00bb, ajoute l\u2019analyste.<\/p>\n<p>\u00ab Sans compensation budg\u00e9taire \u2013 ni baisses d\u2019imp\u00f4ts, ni relance significative de la croissance, l\u2019\u00e9conomie am\u00e9ricaine absorbe le choc sans aucun amortisseur \u00bb, s\u2019alarme Stephen Innes, analyste chez SPI AM.<\/p>\n<p>Cela, sans compter les \u00e9ventuelles mesures de r\u00e9torsion des pays cibl\u00e9s.<\/p>\n<p>\u00ab Que Trump r\u00e9ussisse ou non \u00e0 d\u00e9localiser la production aux \u00c9tats-Unis, une telle d\u00e9marche prendra du temps \u00bb, souligne de son c\u00f4t\u00e9 Michael Pfister, de Commerzbank, et \u00ab entre-temps, les \u00c9tats-Unis devront importer des biens plus chers \u00bb.<\/p>\n<p>Mais la Fed abaissera probablement ses taux pour soutenir l\u2019\u00e9conomie am\u00e9ricaine, \u00ab consid\u00e9rant que l\u2019impact des droits de douane sur l\u2019inflation serait ponctuel et de courte dur\u00e9e, et qu\u2019il serait partiellement compens\u00e9 par un ralentissement \u00e9conomique marqu\u00e9 \u00bb, avance Ipek Ozkardeskaya, analyste chez Swissquote Bank.<\/p>\n<p>L\u2019or, valeur refuge, a atteint un nouveau record dans la nuit de mercredi \u00e0 jeudi face aux inqui\u00e9tudes sur l\u2019\u00e9conomie mondiale, \u00e0 3.167,84 dollars l\u2019once, et refluait l\u00e9g\u00e8rement jeudi.<\/p>\n<p>Provided by SyndiGate Media Inc. (<\/p>\n<p>Syndigate.info via msn.com<\/p>\n","protected":false},"excerpt":{"rendered":"<p>Le dollar a acc\u00e9l\u00e9r\u00e9 sa chute jeudi, perdant plus de 2,6% face \u00e0 l\u2019euro, au lendemain de la d\u00e9claration de guerre commerciale lanc\u00e9e par Donald Trump, qui fait craindre pour l\u2019\u00e9conomie am\u00e9ricaine \u2014 un tel mouvement de la monnaie unique n\u2019avait plus \u00e9t\u00e9 vu depuis 2015, selon l\u2019agence Bloomberg. Vers 11H15 GMT, le billet vert &hellip;<\/p>\n","protected":false},"author":2,"featured_media":14921,"comment_status":"open","ping_status":"open","sticky":false,"template":"","format":"standard","meta":{"footnotes":""},"categories":[18,29],"tags":[],"class_list":["post-14920","post","type-post","status-publish","format-standard","has-post-thumbnail","hentry","category-actualites","category-monde"],"_links":{"self":[{"href":"https:\/\/ladepeche.mr\/index.php?rest_route=\/wp\/v2\/posts\/14920","targetHints":{"allow":["GET"]}}],"collection":[{"href":"https:\/\/ladepeche.mr\/index.php?rest_route=\/wp\/v2\/posts"}],"about":[{"href":"https:\/\/ladepeche.mr\/index.php?rest_route=\/wp\/v2\/types\/post"}],"author":[{"embeddable":true,"href":"https:\/\/ladepeche.mr\/index.php?rest_route=\/wp\/v2\/users\/2"}],"replies":[{"embeddable":true,"href":"https:\/\/ladepeche.mr\/index.php?rest_route=%2Fwp%2Fv2%2Fcomments&post=14920"}],"version-history":[{"count":1,"href":"https:\/\/ladepeche.mr\/index.php?rest_route=\/wp\/v2\/posts\/14920\/revisions"}],"predecessor-version":[{"id":14922,"href":"https:\/\/ladepeche.mr\/index.php?rest_route=\/wp\/v2\/posts\/14920\/revisions\/14922"}],"wp:featuredmedia":[{"embeddable":true,"href":"https:\/\/ladepeche.mr\/index.php?rest_route=\/wp\/v2\/media\/14921"}],"wp:attachment":[{"href":"https:\/\/ladepeche.mr\/index.php?rest_route=%2Fwp%2Fv2%2Fmedia&parent=14920"}],"wp:term":[{"taxonomy":"category","embeddable":true,"href":"https:\/\/ladepeche.mr\/index.php?rest_route=%2Fwp%2Fv2%2Fcategories&post=14920"},{"taxonomy":"post_tag","embeddable":true,"href":"https:\/\/ladepeche.mr\/index.php?rest_route=%2Fwp%2Fv2%2Ftags&post=14920"}],"curies":[{"name":"wp","href":"https:\/\/api.w.org\/{rel}","templated":true}]}}