{"id":14923,"date":"2025-04-05T13:31:41","date_gmt":"2025-04-05T13:31:41","guid":{"rendered":"https:\/\/ladepeche.mr\/?p=14923"},"modified":"2025-04-05T13:35:37","modified_gmt":"2025-04-05T13:35:37","slug":"mauritanie-un-imam-appelle-au-jihad-pour-venir-en-aide-aux-populations-de-gaza-massacrees-par-israel","status":"publish","type":"post","link":"https:\/\/ladepeche.mr\/?p=14923","title":{"rendered":"Mauritanie : Un imam appelle au Jihad pour venir en aide aux populations de Gaza massacr\u00e9es par Israel"},"content":{"rendered":"<p>L\u2019imam Mohamed Habib Ould Ahmed appel\u00e9, \u00e0 l\u2019occasion d\u2019une manifestation organis\u00e9e par l\u2019initiative estudiantine de lutte  contre l\u2019infiltration sioniste et pour la d\u00e9fense des causes justes, organis\u00e9e vendredi \u00e0 Nouakchott, les gouvernements musulmans \u00e0 pr\u00f4ner le Jihad g\u00e9n\u00e9ralis\u00e9, en soutien aux populations palestiniennes, d\u00e9cim\u00e9es par l&#8217;arm\u00e9e isra\u00e9lienne.<\/p>\n<p>L\u2019initiative estudiantine de lutte contre l\u2019infiltration sioniste et pour la d\u00e9fense des causes justes a exhort\u00e9, pour sa part, \u00e0 un sit-in permanent devant l\u2019enceinte de l\u2019ambassade am\u00e9ricaine \u00e0 Nouakchott en protestation contre le soutien \u00ab inconditionnel \u00bb de l\u2019Administration Us \u00e0 Israel dans son entreprise d\u2019extermination programm\u00e9e des populations de Gaza.<br \/>\nLe pr\u00e9sident de l\u2019association estudiantine a appel\u00e9 les populations mauritaniennes \u00e0 se joindre \u00e0 ce mouvement pour faire pression sur les autorit\u00e9s am\u00e9ricaines afin d\u2019arr\u00eater leur soutien au g\u00e9nocide perp\u00e9tr\u00e9 contre les populations musulmanes \u00e0 Gaza.<br \/>\nLe rassemblement public \u00e9tait organis\u00e9 en soutien \u00e0 la r\u00e9sistance palestinienne et pour condamner \u00ab la contribution \u00bb de pays occidentaux comme les \u00c9tats-Unis d\u2019Am\u00e9rique et leurs alli\u00e9s \u00e0 l\u2019extermination des populations palestiniennes.<br \/>\nLe chef de file de l\u2019opposition d\u00e9mocratique et pr\u00e9sident du Parti du Rassemblement national pour la r\u00e9forme et le d\u00e9veloppement, Tawassoul, Hamadi Ould Sidi El Mokhtar, a exhort\u00e9, quant \u00e0 lui, \u00e0 maintenir la pression populaire jusqu(au \u00abd\u00e9mant\u00e8lement\u00bb de l\u2019ambassade des \u00c9tats-Unis qui soutiennent  inconditionnellement les massacres perp\u00e9tr\u00e9s par l\u2019entit\u00e9 occupante contre les populations civiles \u00e0 Gaza.<br \/>\nPlusieurs imams en Mauritanie, rappelle-t-on, ont appel\u00e9, vendredi, \u00e0 un soutien agissant  de la Ouma Islamique dans le monde pour contrer le projet de nettoyage ethnique ourdi par Israel et ses soutiens contre les palestiniens.<\/p>\n","protected":false},"excerpt":{"rendered":"<p>L\u2019imam Mohamed Habib Ould Ahmed appel\u00e9, \u00e0 l\u2019occasion d\u2019une manifestation organis\u00e9e par l\u2019initiative estudiantine de lutte contre l\u2019infiltration sioniste et pour la d\u00e9fense des causes justes, organis\u00e9e vendredi \u00e0 Nouakchott, les gouvernements musulmans \u00e0 pr\u00f4ner le Jihad g\u00e9n\u00e9ralis\u00e9, en soutien aux populations palestiniennes, d\u00e9cim\u00e9es par l&#8217;arm\u00e9e isra\u00e9lienne. L\u2019initiative estudiantine de lutte contre l\u2019infiltration sioniste et &hellip;<\/p>\n","protected":false},"author":2,"featured_media":14924,"comment_status":"open","ping_status":"open","sticky":false,"template":"","format":"standard","meta":{"footnotes":""},"categories":[18,29],"tags":[],"class_list":["post-14923","post","type-post","status-publish","format-standard","has-post-thumbnail","hentry","category-actualites","category-monde"],"_links":{"self":[{"href":"https:\/\/ladepeche.mr\/index.php?rest_route=\/wp\/v2\/posts\/14923","targetHints":{"allow":["GET"]}}],"collection":[{"href":"https:\/\/ladepeche.mr\/index.php?rest_route=\/wp\/v2\/posts"}],"about":[{"href":"https:\/\/ladepeche.mr\/index.php?rest_route=\/wp\/v2\/types\/post"}],"author":[{"embeddable":true,"href":"https:\/\/ladepeche.mr\/index.php?rest_route=\/wp\/v2\/users\/2"}],"replies":[{"embeddable":true,"href":"https:\/\/ladepeche.mr\/index.php?rest_route=%2Fwp%2Fv2%2Fcomments&post=14923"}],"version-history":[{"count":3,"href":"https:\/\/ladepeche.mr\/index.php?rest_route=\/wp\/v2\/posts\/14923\/revisions"}],"predecessor-version":[{"id":14927,"href":"https:\/\/ladepeche.mr\/index.php?rest_route=\/wp\/v2\/posts\/14923\/revisions\/14927"}],"wp:featuredmedia":[{"embeddable":true,"href":"https:\/\/ladepeche.mr\/index.php?rest_route=\/wp\/v2\/media\/14924"}],"wp:attachment":[{"href":"https:\/\/ladepeche.mr\/index.php?rest_route=%2Fwp%2Fv2%2Fmedia&parent=14923"}],"wp:term":[{"taxonomy":"category","embeddable":true,"href":"https:\/\/ladepeche.mr\/index.php?rest_route=%2Fwp%2Fv2%2Fcategories&post=14923"},{"taxonomy":"post_tag","embeddable":true,"href":"https:\/\/ladepeche.mr\/index.php?rest_route=%2Fwp%2Fv2%2Ftags&post=14923"}],"curies":[{"name":"wp","href":"https:\/\/api.w.org\/{rel}","templated":true}]}}