{"id":14928,"date":"2025-04-05T20:52:02","date_gmt":"2025-04-05T20:52:02","guid":{"rendered":"https:\/\/ladepeche.mr\/?p=14928"},"modified":"2025-04-05T20:52:02","modified_gmt":"2025-04-05T20:52:02","slug":"situation-des-senegalais-en-mauritanie-le-president-diomaye-appelle-au-respect-des-lois-des-pays-daccueil","status":"publish","type":"post","link":"https:\/\/ladepeche.mr\/?p=14928","title":{"rendered":"Situation des S\u00e9n\u00e9galais en Mauritanie : le Pr\u00e9sident Diomaye appelle au respect des lois des pays d\u2019accueil"},"content":{"rendered":"<p>Lors d\u2019un entretien accord\u00e9 \u00e0 des journalistes de la presse nationale ce vendredi 4 avril, le Pr\u00e9sident Diomaye Faye a abord\u00e9 la question de la situation des S\u00e9n\u00e9galais vivant \u00e0 l\u2019\u00e9tranger, en particulier en Mauritanie. Dans ses d\u00e9clarations, le pr\u00e9sident a soulign\u00e9 qu\u2019il consid\u00e8re comme un devoir de s\u2019occuper de ses compatriotes o\u00f9 qu\u2019ils soient dans le monde, et il a r\u00e9affirm\u00e9 son engagement \u00e0 prot\u00e9ger tous les S\u00e9n\u00e9galais, tant \u00e0 l\u2019int\u00e9rieur qu\u2019\u00e0 l\u2019ext\u00e9rieur du pays.<\/p>\n<p>Le Pr\u00e9sident Diomaye a rappel\u00e9 que le S\u00e9n\u00e9gal a toujours entretenu des relations respectueuses avec la Mauritanie, pays voisin. Et il a soulign\u00e9 l\u2019importance de maintenir des rapports harmonieux entre les peuples des deux nations. \u201cNous avons des relations tr\u00e8s proches avec la Mauritanie, et nous continuerons de travailler ensemble pour le bien-\u00eatre de nos populations\u201d, a-t-il pr\u00e9cis\u00e9.<\/p>\n<p>En ce qui concerne les S\u00e9n\u00e9galais vivant en Mauritanie, mais aussi dans d\u2019autres pays, le Pr\u00e9sident Diomaye a lanc\u00e9 un appel ferme au respect des lois et r\u00e8glements des pays d\u2019accueil. \u201cSi vous \u00eates dans un pays et qu\u2019on vous demande de chercher des cartes de s\u00e9jour, il faut en chercher ou bien aller dans un autre pays o\u00f9 on ne vous le demande pas\u201d, a-t-il d\u00e9clar\u00e9, insistant sur le fait que le respect des r\u00e8gles locales est essentiel pour \u00e9viter toute forme de conflit ou de malentendu.<br \/>\n(m\u00e9dia)<\/p>\n","protected":false},"excerpt":{"rendered":"<p>Lors d\u2019un entretien accord\u00e9 \u00e0 des journalistes de la presse nationale ce vendredi 4 avril, le Pr\u00e9sident Diomaye Faye a abord\u00e9 la question de la situation des S\u00e9n\u00e9galais vivant \u00e0 l\u2019\u00e9tranger, en particulier en Mauritanie. Dans ses d\u00e9clarations, le pr\u00e9sident a soulign\u00e9 qu\u2019il consid\u00e8re comme un devoir de s\u2019occuper de ses compatriotes o\u00f9 qu\u2019ils soient &hellip;<\/p>\n","protected":false},"author":2,"featured_media":14929,"comment_status":"open","ping_status":"open","sticky":false,"template":"","format":"standard","meta":{"footnotes":""},"categories":[18,29],"tags":[],"class_list":["post-14928","post","type-post","status-publish","format-standard","has-post-thumbnail","hentry","category-actualites","category-monde"],"_links":{"self":[{"href":"https:\/\/ladepeche.mr\/index.php?rest_route=\/wp\/v2\/posts\/14928","targetHints":{"allow":["GET"]}}],"collection":[{"href":"https:\/\/ladepeche.mr\/index.php?rest_route=\/wp\/v2\/posts"}],"about":[{"href":"https:\/\/ladepeche.mr\/index.php?rest_route=\/wp\/v2\/types\/post"}],"author":[{"embeddable":true,"href":"https:\/\/ladepeche.mr\/index.php?rest_route=\/wp\/v2\/users\/2"}],"replies":[{"embeddable":true,"href":"https:\/\/ladepeche.mr\/index.php?rest_route=%2Fwp%2Fv2%2Fcomments&post=14928"}],"version-history":[{"count":1,"href":"https:\/\/ladepeche.mr\/index.php?rest_route=\/wp\/v2\/posts\/14928\/revisions"}],"predecessor-version":[{"id":14930,"href":"https:\/\/ladepeche.mr\/index.php?rest_route=\/wp\/v2\/posts\/14928\/revisions\/14930"}],"wp:featuredmedia":[{"embeddable":true,"href":"https:\/\/ladepeche.mr\/index.php?rest_route=\/wp\/v2\/media\/14929"}],"wp:attachment":[{"href":"https:\/\/ladepeche.mr\/index.php?rest_route=%2Fwp%2Fv2%2Fmedia&parent=14928"}],"wp:term":[{"taxonomy":"category","embeddable":true,"href":"https:\/\/ladepeche.mr\/index.php?rest_route=%2Fwp%2Fv2%2Fcategories&post=14928"},{"taxonomy":"post_tag","embeddable":true,"href":"https:\/\/ladepeche.mr\/index.php?rest_route=%2Fwp%2Fv2%2Ftags&post=14928"}],"curies":[{"name":"wp","href":"https:\/\/api.w.org\/{rel}","templated":true}]}}