{"id":14957,"date":"2025-04-06T20:11:20","date_gmt":"2025-04-06T20:11:20","guid":{"rendered":"https:\/\/ladepeche.mr\/?p=14957"},"modified":"2025-04-06T20:11:20","modified_gmt":"2025-04-06T20:11:20","slug":"le-president-de-la-republique-tcheque-entame-une-visite-de-travail-en-mauritanie","status":"publish","type":"post","link":"https:\/\/ladepeche.mr\/?p=14957","title":{"rendered":"Le pr\u00e9sident de la R\u00e9publique Tch\u00e8que entame une visite de travail en Mauritanie"},"content":{"rendered":"<p>Le Pr\u00e9sident de la R\u00e9publique, Son Excellence Monsieur Mohamed Ould Cheikh El Ghazouani, a accueilli, dimanche soir \u00e0 l\u2019a\u00e9roport international de Nouakchott Oumtounsi, le pr\u00e9sident de la R\u00e9publique Tch\u00e8que, Son Excellence Monsieur Petr Pavel qui effectue une visite de travail de trois jours en Mauritanie.<\/p>\n<p>L\u2019h\u00f4te tch\u00e8que a en outre \u00e9t\u00e9 accueilli \u00e0 sa descente d\u2019avion par le Premier ministre, M. El Moctar Ould Djay, le ministre charg\u00e9 du cabinet du Pr\u00e9sident de la R\u00e9publique, M. Nany Ould Chrougha, le chef d\u2019Etat major particulier du Pr\u00e9sident de la R\u00e9publique, plusieurs responsables militaires et s\u00e9curitaires, le wali de Nouakchott ouest et la pr\u00e9sidente du Conseil r\u00e9gional de Nouakchott.<\/p>\n<p>Apr\u00e8s avoir \u00e9cout\u00e9 les deux hymnes nationaux mauritanien et tch\u00e8que et pass\u00e9 en revue des formations militaires, le pr\u00e9sident tch\u00e8que a salu\u00e9 le pr\u00e9sident de l\u2019Assembl\u00e9e nationale, le ministre secr\u00e9taire g\u00e9n\u00e9ral de la Pr\u00e9sidence de la R\u00e9publique, les deux ministres conseillers \u00e0 la Pr\u00e9sidence de la R\u00e9publique, des membres du gouvernement, le pr\u00e9sident de l\u2019Union national du patronat mauritanien et les repr\u00e9sentants du corps diplomatique et des organisations internationales en Mauritanie.<\/p>\n<p>Pour sa part, le Pr\u00e9sident de la R\u00e9publique a salu\u00e9 les membres de la d\u00e9l\u00e9gation accompagnant le pr\u00e9sident Tch\u00e8que.<\/p>\n<p>Au salon d\u2019honneur, le Pr\u00e9sident de la R\u00e9publique a eu des entretiens en-t\u00eate-\u00e0-t\u00eate avec son homologue Tch\u00e8que.<br \/>\nAmi<\/p>\n","protected":false},"excerpt":{"rendered":"<p>Le Pr\u00e9sident de la R\u00e9publique, Son Excellence Monsieur Mohamed Ould Cheikh El Ghazouani, a accueilli, dimanche soir \u00e0 l\u2019a\u00e9roport international de Nouakchott Oumtounsi, le pr\u00e9sident de la R\u00e9publique Tch\u00e8que, Son Excellence Monsieur Petr Pavel qui effectue une visite de travail de trois jours en Mauritanie. L\u2019h\u00f4te tch\u00e8que a en outre \u00e9t\u00e9 accueilli \u00e0 sa descente &hellip;<\/p>\n","protected":false},"author":2,"featured_media":14958,"comment_status":"open","ping_status":"open","sticky":false,"template":"","format":"standard","meta":{"footnotes":""},"categories":[18,29],"tags":[],"class_list":["post-14957","post","type-post","status-publish","format-standard","has-post-thumbnail","hentry","category-actualites","category-monde"],"_links":{"self":[{"href":"https:\/\/ladepeche.mr\/index.php?rest_route=\/wp\/v2\/posts\/14957","targetHints":{"allow":["GET"]}}],"collection":[{"href":"https:\/\/ladepeche.mr\/index.php?rest_route=\/wp\/v2\/posts"}],"about":[{"href":"https:\/\/ladepeche.mr\/index.php?rest_route=\/wp\/v2\/types\/post"}],"author":[{"embeddable":true,"href":"https:\/\/ladepeche.mr\/index.php?rest_route=\/wp\/v2\/users\/2"}],"replies":[{"embeddable":true,"href":"https:\/\/ladepeche.mr\/index.php?rest_route=%2Fwp%2Fv2%2Fcomments&post=14957"}],"version-history":[{"count":1,"href":"https:\/\/ladepeche.mr\/index.php?rest_route=\/wp\/v2\/posts\/14957\/revisions"}],"predecessor-version":[{"id":14959,"href":"https:\/\/ladepeche.mr\/index.php?rest_route=\/wp\/v2\/posts\/14957\/revisions\/14959"}],"wp:featuredmedia":[{"embeddable":true,"href":"https:\/\/ladepeche.mr\/index.php?rest_route=\/wp\/v2\/media\/14958"}],"wp:attachment":[{"href":"https:\/\/ladepeche.mr\/index.php?rest_route=%2Fwp%2Fv2%2Fmedia&parent=14957"}],"wp:term":[{"taxonomy":"category","embeddable":true,"href":"https:\/\/ladepeche.mr\/index.php?rest_route=%2Fwp%2Fv2%2Fcategories&post=14957"},{"taxonomy":"post_tag","embeddable":true,"href":"https:\/\/ladepeche.mr\/index.php?rest_route=%2Fwp%2Fv2%2Ftags&post=14957"}],"curies":[{"name":"wp","href":"https:\/\/api.w.org\/{rel}","templated":true}]}}