{"id":14969,"date":"2025-04-07T09:48:26","date_gmt":"2025-04-07T09:48:26","guid":{"rendered":"https:\/\/ladepeche.mr\/?p=14969"},"modified":"2025-04-07T09:48:26","modified_gmt":"2025-04-07T09:48:26","slug":"a-alger-le-ministre-francais-des-affaires-etrangeres-vient-sceller-la-reconciliation","status":"publish","type":"post","link":"https:\/\/ladepeche.mr\/?p=14969","title":{"rendered":"\u00c0 Alger, le ministre fran\u00e7ais des Affaires \u00e9trang\u00e8res vient sceller la r\u00e9conciliation"},"content":{"rendered":"<p>Au programme de la visite du chef de la diplomatie fran\u00e7aise, Jean-No\u00ebl Barrot, pour concr\u00e9tiser le r\u00e9chauffement bilat\u00e9ral entre l\u2019Alg\u00e9rie et la France apr\u00e8s huit mois d\u2019une crise qui a men\u00e9 les deux pays au bord de la rupture, une entrevue avec le pr\u00e9sident Abdelmadjid Tebboune.<\/p>\n<p>Arriv\u00e9 vers 10 heures (9 heures GMT) \u00e0 Alger ce dimanche 6 avril, le ministre fran\u00e7ais des Affaires \u00e9trang\u00e8res, Jean-No\u00ebl Barrot, a eu un \u00ab entretien de 1h45 \u00bb, selon ses services, avec son homologue, Ahmed Attaf, et en format \u00e9largi, pour tenter d\u2019aplanir les dossiers les plus \u00e9pineux. Il a \u00e9galement rencontr\u00e9 le chef de l\u2019\u00c9tat alg\u00e9rien, Abdelmadjid Tebboune, pour ent\u00e9riner l\u2019am\u00e9lioration des relations entre Paris et Alger apr\u00e8s huit mois d\u2019une crise diplomatique sans pr\u00e9c\u00e9dent.<\/p>\n<p>Selon El Moudjahid (journal quotidien gouvernemental), depuis l\u2019appel t\u00e9l\u00e9phonique du 31 mars entre le pr\u00e9sident fran\u00e7ais Emmanuel Macron et son homologue alg\u00e9rien, qui a relanc\u00e9 le dialogue bilat\u00e9ral, les relations \u00ab semblent emprunter une trajectoire constructive \u00bb. Paris veut \u00ab se saisir \u00bb de l\u2019espace diplomatique ouvert il y a une semaine pour \u00ab obtenir des r\u00e9sultats \u00bb, sur les dossiers s\u00e9curitaires, migratoire et \u00e9conomique, avait annonc\u00e9 Jean-No\u00ebl Barrot avant sa venue.<\/p>\n<p>Cette crise d\u2019une gravit\u00e9 in\u00e9dite entre l\u2019Alg\u00e9rie et son ancienne puissance coloniale (1830-1962) a d\u00e9marr\u00e9 \u00e0 l\u2019\u00e9t\u00e9 2024 quand Emmanuel Macron a apport\u00e9 son soutien total \u00e0 un plan d\u2019autonomie sous souverainet\u00e9 marocaine pour le Sahara occidental, revendiqu\u00e9 depuis cinquante ans par les ind\u00e9pendantistes du Polisario soutenus par Alger. L\u2019Alg\u00e9rie a imm\u00e9diatement retir\u00e9 son ambassadeur \u00e0 Paris.<\/p>\n<p>\u00ab Un programme de travail ambitieux \u00bb<br \/>\n\u00c0 l\u2019automne, l\u2019arrestation \u00e0 Alger de l\u2018\u00e9crivain franco-alg\u00e9rien Boualem Sansal pour des d\u00e9clarations consid\u00e9r\u00e9es comme une \u00ab atteinte \u00e0 l\u2019int\u00e9grit\u00e9 du territoire \u00bb a fait monter d\u2019un cran les tensions, qui se sont ensuite enflamm\u00e9es d\u00e9but 2025, lorsque Paris a r\u00e9clam\u00e9 l\u2019expulsion d\u2019influenceurs alg\u00e9riens, refoul\u00e9s par Alger. Un point culminant a \u00e9t\u00e9 atteint fin f\u00e9vrier, le jour o\u00f9 le ministre de l\u2019Int\u00e9rieur fran\u00e7ais, Bruno Retailleau, a point\u00e9 un doigt accusateur vers l\u2019Alg\u00e9rie apr\u00e8s un attentat en France commis par un Alg\u00e9rien, objet d\u2019obligations de quitter le territoire refus\u00e9es par Alger.<\/p>\n<p>Mais depuis que les pr\u00e9sidents Macron et Tebboune ont repris les choses en main, il y a, selon Paris, une volont\u00e9 conjointe de retrouver une relation apais\u00e9e et \u00e9quilibr\u00e9e \u00ab dans une logique de r\u00e9sultats \u00bb. La visite de Jean-No\u00ebl Barrot vise \u00e0 \u00e9tablir \u00ab un programme de travail ambitieux \u00bb et \u00e0 \u00e9laborer un calendrier de mise en \u0153uvre, selon ses services.<\/p>\n<p>Pour le journal alg\u00e9rien L\u2019Expression, sa venue montre que \u00ab les relations reprennent leur cours normal, sans que l\u2019on ait besoin de d\u00e9clarer un vainqueur dans cette brouille diplomatique \u00bb et \u00ab d\u00e9montre l\u2019impossibilit\u00e9 d\u2019une rupture entre l\u2019Alg\u00e9rie et la France, comme l\u2019imaginait Marine Le Pen \u00bb, la cheffe du Rassemblement national. Alger s\u2019estime en effet victime d\u2019une cabale d\u2019\u00ab une extr\u00eame droite nostalgique de l\u2019Alg\u00e9rie fran\u00e7aise \u00bb et de dirigeants de droite avec \u00e0 leur t\u00eate le ministre Retailleau, en campagne pour prendre la t\u00eate du parti Les R\u00e9publicains.<\/p>\n<p>Lutte antiterroriste<br \/>\nPour Paris, la reprise imm\u00e9diate de la coop\u00e9ration entre services de renseignements dans la lutte antiterroriste au Sahel, o\u00f9 l\u2019Alg\u00e9rie est limitrophe du Mali et du Niger, et sur le dossier du retour des jihadistes de Syrie est prioritaire. Autre pr\u00e9occupation fran\u00e7aise : appliquer \u00ab strictement \u00bb l\u2019accord bilat\u00e9ral de 1994 sur l\u2019acceptation par l\u2019Alg\u00e9rie de ses ressortissants expuls\u00e9s. Paris souhaite augmenter la cadence, malgr\u00e9 \u00ab une part des retours forc\u00e9s (vers l\u2019Alg\u00e9rie) plus importante que la moyenne \u00bb des autres pays, avec 3 000 Alg\u00e9riens renvoy\u00e9s l\u2019an pass\u00e9 sur 34 000 interpell\u00e9s en situation irr\u00e9guli\u00e8re, selon la Direction g\u00e9n\u00e9rale des \u00e9trangers.<\/p>\n<p>Pour Alger, le soutien dont Emmanuel Macron l\u2019a assur\u00e9 dans ses n\u00e9gociations avec Bruxelles pour une r\u00e9vision de son Partenariat avec l\u2019Union europ\u00e9enne est tr\u00e8s important. Sur le plan \u00e9conomique, Paris est inquiet pour le sort de 6 000 entreprises fran\u00e7aises implant\u00e9es en Alg\u00e9rie. Les deux parties devraient aussi \u00e9voquer \u00e0 Alger un accord d\u2019exemption r\u00e9ciproque des visas diplomatiques, apr\u00e8s des restrictions impos\u00e9es par la France en repr\u00e9sailles du refus d\u2019Alger de reprendre certains de ses ressortissants.<\/p>\n<p>Le cas de Boualem Sansal pourrait \u00eatre \u00e9voqu\u00e9. Emmanuel Macron a plaid\u00e9 aupr\u00e8s d\u2019Abdelmadjid Tebboune pour \u00ab une issue humanitaire \u00bb pour l\u2019\u00e9crivain de plus de 80 ans, atteint d\u2019un cancer, condamn\u00e9 le 27 mars \u00e0 cinq ans de prison. Le Parquet alg\u00e9rien, qui avait requis 10 ans en premi\u00e8re instance, a fait appel de la condamnation. Selon des avocats \u00e0 Alger, une r\u00e9duction de peine et \u00e9ventuellement une gr\u00e2ce pr\u00e9sidentielle permettraient sa lib\u00e9ration anticip\u00e9e.<\/p>\n<p>JA (avec AFP) via msn.com<\/p>\n","protected":false},"excerpt":{"rendered":"<p>Au programme de la visite du chef de la diplomatie fran\u00e7aise, Jean-No\u00ebl Barrot, pour concr\u00e9tiser le r\u00e9chauffement bilat\u00e9ral entre l\u2019Alg\u00e9rie et la France apr\u00e8s huit mois d\u2019une crise qui a men\u00e9 les deux pays au bord de la rupture, une entrevue avec le pr\u00e9sident Abdelmadjid Tebboune. Arriv\u00e9 vers 10 heures (9 heures GMT) \u00e0 Alger &hellip;<\/p>\n","protected":false},"author":2,"featured_media":14970,"comment_status":"open","ping_status":"open","sticky":false,"template":"","format":"standard","meta":{"footnotes":""},"categories":[18,29],"tags":[],"class_list":["post-14969","post","type-post","status-publish","format-standard","has-post-thumbnail","hentry","category-actualites","category-monde"],"_links":{"self":[{"href":"https:\/\/ladepeche.mr\/index.php?rest_route=\/wp\/v2\/posts\/14969","targetHints":{"allow":["GET"]}}],"collection":[{"href":"https:\/\/ladepeche.mr\/index.php?rest_route=\/wp\/v2\/posts"}],"about":[{"href":"https:\/\/ladepeche.mr\/index.php?rest_route=\/wp\/v2\/types\/post"}],"author":[{"embeddable":true,"href":"https:\/\/ladepeche.mr\/index.php?rest_route=\/wp\/v2\/users\/2"}],"replies":[{"embeddable":true,"href":"https:\/\/ladepeche.mr\/index.php?rest_route=%2Fwp%2Fv2%2Fcomments&post=14969"}],"version-history":[{"count":1,"href":"https:\/\/ladepeche.mr\/index.php?rest_route=\/wp\/v2\/posts\/14969\/revisions"}],"predecessor-version":[{"id":14971,"href":"https:\/\/ladepeche.mr\/index.php?rest_route=\/wp\/v2\/posts\/14969\/revisions\/14971"}],"wp:featuredmedia":[{"embeddable":true,"href":"https:\/\/ladepeche.mr\/index.php?rest_route=\/wp\/v2\/media\/14970"}],"wp:attachment":[{"href":"https:\/\/ladepeche.mr\/index.php?rest_route=%2Fwp%2Fv2%2Fmedia&parent=14969"}],"wp:term":[{"taxonomy":"category","embeddable":true,"href":"https:\/\/ladepeche.mr\/index.php?rest_route=%2Fwp%2Fv2%2Fcategories&post=14969"},{"taxonomy":"post_tag","embeddable":true,"href":"https:\/\/ladepeche.mr\/index.php?rest_route=%2Fwp%2Fv2%2Ftags&post=14969"}],"curies":[{"name":"wp","href":"https:\/\/api.w.org\/{rel}","templated":true}]}}