{"id":14972,"date":"2025-04-07T10:40:58","date_gmt":"2025-04-07T10:40:58","guid":{"rendered":"https:\/\/ladepeche.mr\/?p=14972"},"modified":"2025-04-07T09:52:05","modified_gmt":"2025-04-07T09:52:05","slug":"drone-abattu-au-mali-laes-retire-ses-ambassadeurs-en-algerie","status":"publish","type":"post","link":"https:\/\/ladepeche.mr\/?p=14972","title":{"rendered":"Drone abattu au Mali : l&#8217;AES retire ses ambassadeurs en Alg\u00e9rie"},"content":{"rendered":"<p>L&#8217;Alliance des \u00c9tats du Sahel (AES), qui regroupe le Mali, le Burkina Faso et le Niger, a annonc\u00e9 le rappel de ses ambassadeurs en Alg\u00e9rie suite \u00e0 l&#8217;abattage d&#8217;un drone malien.<\/p>\n<p>L&#8217;Alliance des \u00c9tats du Sahel (AES), qui regroupe le Mali, le Burkina Faso et le Niger, a annonc\u00e9 le rappel de ses ambassadeurs en Alg\u00e9rie suite \u00e0 l&#8217;abattage d&#8217;un drone malien.<\/p>\n<p>Cet incident, survenu il y a une semaine, a \u00e9t\u00e9 qualifi\u00e9 d'&#8221;irresponsable&#8221; et de violation du droit international par l&#8217;AES.<br \/>\nLe Premier ministre malien, Abdoulaye Maiga, a contest\u00e9 les all\u00e9gations alg\u00e9riennes selon lesquelles le drone aurait p\u00e9n\u00e9tr\u00e9 l&#8217;espace a\u00e9rien alg\u00e9rien, affirmant que l&#8217;incident d\u00e9montre un soutien pr\u00e9sum\u00e9 de l&#8217;Alg\u00e9rie au terrorisme. En r\u00e9ponse, le Mali a convoqu\u00e9 l&#8217;ambassadeur alg\u00e9rien et d\u00e9cid\u00e9 de se retirer d&#8217;un partenariat militaire r\u00e9gional de quinze ans.<\/p>\n<p>Ces \u00e9v\u00e9nements se produisent dans un climat de tensions croissantes entre l&#8217;Alg\u00e9rie et ses voisins du Sud. Depuis leur prise de pouvoir, les juntes militaires des pays de l&#8217;AES ont quitt\u00e9 la Communaut\u00e9 \u00e9conomique des \u00c9tats de l&#8217;Afrique de l&#8217;Ouest (CEDEAO) pour former leur propre alliance en septembre dernier, cherchant \u00e0 l\u00e9gitimer leurs gouvernements militaires malgr\u00e9 les sanctions internationales.<\/p>\n<p>Rida Lyammouri, du Centre politique pour le nouveau Sud, estime peu probable une escalade militaire, mais anticipe une intensification des tensions diplomatiques. L&#8217;Alg\u00e9rie, acteur cl\u00e9 dans la m\u00e9diation des conflits au Mali, a vu ses relations avec le pays se d\u00e9t\u00e9riorer depuis les coups d&#8217;\u00c9tat militaires de 2020 et 2021.<\/p>\n<p>Parall\u00e8lement, le choix du Mali de s&#8217;appuyer sur des partenaires tels que la Russie et d&#8217;acqu\u00e9rir des drones turcs souligne une r\u00e9orientation de ses alliances, contrastant avec la position de l&#8217;Alg\u00e9rie qui surveille \u00e9troitement la situation le long de sa fronti\u00e8re sud. Les vid\u00e9os diffus\u00e9es par des groupes rebelles montrent les restes du drone, fabriqu\u00e9 par la soci\u00e9t\u00e9 turque Baykar, renfor\u00e7ant ainsi les soup\u00e7ons et exacerb\u00e9 la m\u00e9fiance entre les deux pays.<br \/>\nhttps:\/\/www.msn.com\/fr-xl\/actualite\/other\/drone-abattu-au-mali-l-aes-retire-ses-ambassadeurs-en-alg%C3%A9rie\/ar-AA1CqTs6?ocid=msedgntp&#038;pc=U531&#038;cvid=84a9673b79dd4ffba5cbc110d8899529&#038;ei=45<\/p>\n","protected":false},"excerpt":{"rendered":"<p>L&#8217;Alliance des \u00c9tats du Sahel (AES), qui regroupe le Mali, le Burkina Faso et le Niger, a annonc\u00e9 le rappel de ses ambassadeurs en Alg\u00e9rie suite \u00e0 l&#8217;abattage d&#8217;un drone malien. L&#8217;Alliance des \u00c9tats du Sahel (AES), qui regroupe le Mali, le Burkina Faso et le Niger, a annonc\u00e9 le rappel de ses ambassadeurs en &hellip;<\/p>\n","protected":false},"author":2,"featured_media":14973,"comment_status":"open","ping_status":"open","sticky":false,"template":"","format":"standard","meta":{"footnotes":""},"categories":[18,29],"tags":[],"class_list":["post-14972","post","type-post","status-publish","format-standard","has-post-thumbnail","hentry","category-actualites","category-monde"],"_links":{"self":[{"href":"https:\/\/ladepeche.mr\/index.php?rest_route=\/wp\/v2\/posts\/14972","targetHints":{"allow":["GET"]}}],"collection":[{"href":"https:\/\/ladepeche.mr\/index.php?rest_route=\/wp\/v2\/posts"}],"about":[{"href":"https:\/\/ladepeche.mr\/index.php?rest_route=\/wp\/v2\/types\/post"}],"author":[{"embeddable":true,"href":"https:\/\/ladepeche.mr\/index.php?rest_route=\/wp\/v2\/users\/2"}],"replies":[{"embeddable":true,"href":"https:\/\/ladepeche.mr\/index.php?rest_route=%2Fwp%2Fv2%2Fcomments&post=14972"}],"version-history":[{"count":1,"href":"https:\/\/ladepeche.mr\/index.php?rest_route=\/wp\/v2\/posts\/14972\/revisions"}],"predecessor-version":[{"id":14974,"href":"https:\/\/ladepeche.mr\/index.php?rest_route=\/wp\/v2\/posts\/14972\/revisions\/14974"}],"wp:featuredmedia":[{"embeddable":true,"href":"https:\/\/ladepeche.mr\/index.php?rest_route=\/wp\/v2\/media\/14973"}],"wp:attachment":[{"href":"https:\/\/ladepeche.mr\/index.php?rest_route=%2Fwp%2Fv2%2Fmedia&parent=14972"}],"wp:term":[{"taxonomy":"category","embeddable":true,"href":"https:\/\/ladepeche.mr\/index.php?rest_route=%2Fwp%2Fv2%2Fcategories&post=14972"},{"taxonomy":"post_tag","embeddable":true,"href":"https:\/\/ladepeche.mr\/index.php?rest_route=%2Fwp%2Fv2%2Ftags&post=14972"}],"curies":[{"name":"wp","href":"https:\/\/api.w.org\/{rel}","templated":true}]}}