{"id":14975,"date":"2025-04-07T10:01:08","date_gmt":"2025-04-07T10:01:08","guid":{"rendered":"https:\/\/ladepeche.mr\/?p=14975"},"modified":"2025-04-07T10:03:23","modified_gmt":"2025-04-07T10:03:23","slug":"un-journaliste-palestinien-tue-et-9-autres-blesses-dans-une-frappe-israelienne-contre-leur-tente-a-khan-younes","status":"publish","type":"post","link":"https:\/\/ladepeche.mr\/?p=14975","title":{"rendered":"Un journaliste palestinien tu\u00e9 et 9 autres bless\u00e9s dans une frappe isra\u00e9lienne contre leur tente \u00e0 Khan Younes"},"content":{"rendered":"<p>Des avions de combat isra\u00e9liens ont bombard\u00e9 une tente de journalistes \u00e0 Khan Younes, selon des sources m\u00e9dicales \u00e0 Anadolu.<br \/>\nUn journaliste palestinien a \u00e9t\u00e9 tu\u00e9 et 9 autres bless\u00e9s des suites de frappes isra\u00e9liennes ciblant leur tente \u00e0 Khan Youn\u00e8s dans le sud de la bande de Gaza.<\/p>\n<p>Des sources m\u00e9dicales ont fait part \u00e0 Anadolu du d\u00e9c\u00e8s du journaliste Hilmi al Fakaaoui, alors que 10 autres personnes, dont 9 journalistes, ont \u00e9t\u00e9 bless\u00e9s, apr\u00e8s un raid de l&#8217;aviation isra\u00e9lienne contre leur tente situ\u00e9e \u00e0 proximit\u00e9 du groupement m\u00e9dical Nasser \u00e0 Khan Youn\u00e8s.<\/p>\n<p>Le bombardement a d\u00e9clench\u00e9 un incendie dans la tente causant la br\u00fblure d&#8217;un certain nombre de personnes, transf\u00e9r\u00e9es aussit\u00f4t \u00e0 l&#8217;h\u00f4pital Nasser.<\/p>\n<p>Le 1er avril courant, le bureau des m\u00e9dias relevant du gouvernement palestinien \u00e0 Gaza avait annonc\u00e9 un bilan de 209 journalistes palestiniens tu\u00e9s depuis le d\u00e9but de la guerre d&#8217;extermination, men\u00e9e par l&#8217;arm\u00e9e isra\u00e9lienne \u00e0 Gaza depuis le 7 octobre 2023.<br \/>\nLe 18 mars dernier, Isra\u00ebl s&#8217;est retir\u00e9 unilat\u00e9ralement de l&#8217;accord de cessez-le-feu et d&#8217;\u00e9change de prisonniers conclu le 19 janvier, reprenant son agression contre la Bande, malgr\u00e9 l&#8217;engagement du Hamas \u00e0 respecter toutes les clauses dudit accord.<\/p>\n<p>Avec un appui am\u00e9ricain absolu, Isra\u00ebl perp\u00e8te une guerre g\u00e9nocidaire, faisant plus de 165 mille victimes, entre morts et bless\u00e9s, dont la plupart sont des femmes et des enfants, en plus de 11 mille disparus.<br \/>\naa.com.tr<\/p>\n","protected":false},"excerpt":{"rendered":"<p>Des avions de combat isra\u00e9liens ont bombard\u00e9 une tente de journalistes \u00e0 Khan Younes, selon des sources m\u00e9dicales \u00e0 Anadolu. Un journaliste palestinien a \u00e9t\u00e9 tu\u00e9 et 9 autres bless\u00e9s des suites de frappes isra\u00e9liennes ciblant leur tente \u00e0 Khan Youn\u00e8s dans le sud de la bande de Gaza. Des sources m\u00e9dicales ont fait part &hellip;<\/p>\n","protected":false},"author":2,"featured_media":14799,"comment_status":"open","ping_status":"open","sticky":false,"template":"","format":"standard","meta":{"footnotes":""},"categories":[18,29],"tags":[],"class_list":["post-14975","post","type-post","status-publish","format-standard","has-post-thumbnail","hentry","category-actualites","category-monde"],"_links":{"self":[{"href":"https:\/\/ladepeche.mr\/index.php?rest_route=\/wp\/v2\/posts\/14975","targetHints":{"allow":["GET"]}}],"collection":[{"href":"https:\/\/ladepeche.mr\/index.php?rest_route=\/wp\/v2\/posts"}],"about":[{"href":"https:\/\/ladepeche.mr\/index.php?rest_route=\/wp\/v2\/types\/post"}],"author":[{"embeddable":true,"href":"https:\/\/ladepeche.mr\/index.php?rest_route=\/wp\/v2\/users\/2"}],"replies":[{"embeddable":true,"href":"https:\/\/ladepeche.mr\/index.php?rest_route=%2Fwp%2Fv2%2Fcomments&post=14975"}],"version-history":[{"count":2,"href":"https:\/\/ladepeche.mr\/index.php?rest_route=\/wp\/v2\/posts\/14975\/revisions"}],"predecessor-version":[{"id":14977,"href":"https:\/\/ladepeche.mr\/index.php?rest_route=\/wp\/v2\/posts\/14975\/revisions\/14977"}],"wp:featuredmedia":[{"embeddable":true,"href":"https:\/\/ladepeche.mr\/index.php?rest_route=\/wp\/v2\/media\/14799"}],"wp:attachment":[{"href":"https:\/\/ladepeche.mr\/index.php?rest_route=%2Fwp%2Fv2%2Fmedia&parent=14975"}],"wp:term":[{"taxonomy":"category","embeddable":true,"href":"https:\/\/ladepeche.mr\/index.php?rest_route=%2Fwp%2Fv2%2Fcategories&post=14975"},{"taxonomy":"post_tag","embeddable":true,"href":"https:\/\/ladepeche.mr\/index.php?rest_route=%2Fwp%2Fv2%2Ftags&post=14975"}],"curies":[{"name":"wp","href":"https:\/\/api.w.org\/{rel}","templated":true}]}}