{"id":14979,"date":"2025-04-07T11:00:20","date_gmt":"2025-04-07T11:00:20","guid":{"rendered":"https:\/\/ladepeche.mr\/?p=14979"},"modified":"2025-04-07T10:31:37","modified_gmt":"2025-04-07T10:31:37","slug":"usa-chasse-aux-etudiants-qui-manifestent-contre-les-violences-israeliennes","status":"publish","type":"post","link":"https:\/\/ladepeche.mr\/?p=14979","title":{"rendered":"USA : Chasse aux \u00e9tudiants \u00e9trangers qui manifestent contre les violences isra\u00e9liennes"},"content":{"rendered":"<p>L\u2019Administration Trump ne l\u00e9sine pas sur ses actions pour apporter son soutien au gouvernement isra\u00e9lien dont le premier ministre, B. Netanyahou, attendu lundi \u00e0 La Maison Blanche, est personnellement emp\u00eatr\u00e9 dans de graves accusations de g\u00e9nocide, de crime de guerre et contre l\u2019humanit\u00e9. En effet, le gouvernement am\u00e9ricain m\u00e8ne, \u00e0 cet effet, une v\u00e9ritable chasse aux \u00e9tudiants \u00e9trangers qui d\u00e9noncent les atrocit\u00e9s commises par le gouvernement extr\u00e9miste sioniste en Palestine.<br \/>\nDans le m\u00eame ordre d\u2019id\u00e9es, les universit\u00e9s am\u00e9ricaines viennent d\u2019annuler des visas pour nombre d\u2019\u00e9tudiants en formation dans ce pays o\u00f9 un d\u00e9cret du pr\u00e9sident am\u00e9ricain Donald Trump, en date du 30 janvier, assimilant les manifestations contre les violences isra\u00e9liennes comme des actes \u00ab antis\u00e9mites\u00bb, autorise d\u00e9sormais \u00ab l&#8217;expulsion des \u00e9tudiants \u00e9trangers participant \u00e0 des manifestations de soutien \u00e0 la Palestine, l\u2019annulation de visas pour les \u00e9tudiants et les dipl\u00f4m\u00e9s.<br \/>\nC\u2019est dans ce cadre que les universit\u00e9s de Californie (UCLA), de Berkeley, de Stanford ou encore de Columbia, ont annul\u00e9 plusieurs visas \u00e9tudiants.<br \/>\nLa chasse aux \u00e9tudiants et plus g\u00e9n\u00e9ralement aux \u00e9trangers d\u00e9nigrant les violations des droits humains et les crimes contre l\u2019humanit\u00e9 a pris des propensions alarmantes avec les centaines de visas \u00e9tudiants annul\u00e9s sous le fallacieux pr\u00e9texte d\u2019un soutien au Hamas. Le lobby pro-sioniste am\u00e9ricain y voit une bonne occasion pour faire taire la contestation de la politique \u00e9trang\u00e8re au Proche-Orient.<br \/>\nDans un communiqu\u00e9 rendu public, le recteur de l&#8217;universit\u00e9 de Californie (UCLA), Julio Frenk, a reconnu que les visas de six \u00e9tudiants et de six dipl\u00f4m\u00e9s avaient \u00e9t\u00e9 annul\u00e9s. Idem pour Stanford et Berkeley o\u00f9 plus d\u2019une dizaine d\u2019\u00e9tudiants se sont vus refuser le visa pour les m\u00eames raisons.<br \/>\nRappelons que les USA, normalement parrains du cessez-le feu \u00e0 Gaza, sont de plus en plus accus\u00e9s par la communaut\u00e9 internationale de complicit\u00e9 dans le g\u00e9nocide commis par Isra\u00e9l contre le Peuple Palestinien. Isra\u00e9l est aujourd\u2019hui responsable du massacre de plus de 60 milles morts dont la majorit\u00e9 des enfants et des femmes ainsi que 200 journalistes tu\u00e9s, sans sommation, \u00e0 Gaza.<\/p>\n","protected":false},"excerpt":{"rendered":"<p>L\u2019Administration Trump ne l\u00e9sine pas sur ses actions pour apporter son soutien au gouvernement isra\u00e9lien dont le premier ministre, B. Netanyahou, attendu lundi \u00e0 La Maison Blanche, est personnellement emp\u00eatr\u00e9 dans de graves accusations de g\u00e9nocide, de crime de guerre et contre l\u2019humanit\u00e9. En effet, le gouvernement am\u00e9ricain m\u00e8ne, \u00e0 cet effet, une v\u00e9ritable chasse &hellip;<\/p>\n","protected":false},"author":2,"featured_media":14980,"comment_status":"open","ping_status":"open","sticky":false,"template":"","format":"standard","meta":{"footnotes":""},"categories":[18,29],"tags":[],"class_list":["post-14979","post","type-post","status-publish","format-standard","has-post-thumbnail","hentry","category-actualites","category-monde"],"_links":{"self":[{"href":"https:\/\/ladepeche.mr\/index.php?rest_route=\/wp\/v2\/posts\/14979","targetHints":{"allow":["GET"]}}],"collection":[{"href":"https:\/\/ladepeche.mr\/index.php?rest_route=\/wp\/v2\/posts"}],"about":[{"href":"https:\/\/ladepeche.mr\/index.php?rest_route=\/wp\/v2\/types\/post"}],"author":[{"embeddable":true,"href":"https:\/\/ladepeche.mr\/index.php?rest_route=\/wp\/v2\/users\/2"}],"replies":[{"embeddable":true,"href":"https:\/\/ladepeche.mr\/index.php?rest_route=%2Fwp%2Fv2%2Fcomments&post=14979"}],"version-history":[{"count":2,"href":"https:\/\/ladepeche.mr\/index.php?rest_route=\/wp\/v2\/posts\/14979\/revisions"}],"predecessor-version":[{"id":14983,"href":"https:\/\/ladepeche.mr\/index.php?rest_route=\/wp\/v2\/posts\/14979\/revisions\/14983"}],"wp:featuredmedia":[{"embeddable":true,"href":"https:\/\/ladepeche.mr\/index.php?rest_route=\/wp\/v2\/media\/14980"}],"wp:attachment":[{"href":"https:\/\/ladepeche.mr\/index.php?rest_route=%2Fwp%2Fv2%2Fmedia&parent=14979"}],"wp:term":[{"taxonomy":"category","embeddable":true,"href":"https:\/\/ladepeche.mr\/index.php?rest_route=%2Fwp%2Fv2%2Fcategories&post=14979"},{"taxonomy":"post_tag","embeddable":true,"href":"https:\/\/ladepeche.mr\/index.php?rest_route=%2Fwp%2Fv2%2Ftags&post=14979"}],"curies":[{"name":"wp","href":"https:\/\/api.w.org\/{rel}","templated":true}]}}