{"id":14984,"date":"2025-04-07T10:35:22","date_gmt":"2025-04-07T10:35:22","guid":{"rendered":"https:\/\/ladepeche.mr\/?p=14984"},"modified":"2025-04-07T11:09:03","modified_gmt":"2025-04-07T11:09:03","slug":"le-ministre-de-lequipement-et-du-transport-sinforme-sur-letat-davancement-des-travaux-sur-certains-axes-de-la-composante-routiere-a-nouakchott","status":"publish","type":"post","link":"https:\/\/ladepeche.mr\/?p=14984","title":{"rendered":"Le MET s\u2019informe de l\u2019\u00e9tat d\u2019avancement des travaux sur certains axes de la composante routi\u00e8re \u00e0 Nouakchott"},"content":{"rendered":"<p>Le ministre de l\u2019\u00e9quipement et des transports, M. Ely Ould El Veirick, a effectu\u00e9, dimanche, une visite pour s\u2019informer sur l\u2019\u00e9tat d\u2019avancement des travaux sur certains axes du volet routier du programme d\u2019urgence pour le d\u00e9veloppement et la modernisation de la ville de Nouakchott.<\/p>\n<p>La visite a couvert les trois wilayas de Nouakchott, o\u00f9 le ministre et la d\u00e9l\u00e9gation qui l\u2019accompagne ont pu se rendre compte de l\u2019\u00e9tat d\u2019avancement des travaux et du niveau de leur d\u2019avancement. Il a \u00e9galement \u00e9cout\u00e9 les explications d\u00e9taill\u00e9es des responsables de la mise en \u0153uvre du projet sur la conformit\u00e9 des travaux aux normes techniques stipul\u00e9es dans les cahiers de charges sign\u00e9s avec le minist\u00e8re.<\/p>\n<p>La visite comprenait \u00e9galement une inspection de l\u2019atelier d\u2019asphalte.<\/p>\n<p>Dans une d\u00e9claration \u00e0 l\u2019issue de la visite, le ministre a indiqu\u00e9 qu\u2019il avait inspect\u00e9 l\u2019\u00e9tat d\u2019avancement des travaux sur un certain nombre de tron\u00e7ons routiers dans les moughataas de Tafragh Zeina, du Ksar et de Riyadh, y compris une route de 2 kilom\u00e8tres de long qui devrait \u00eatre achev\u00e9e aujourd\u2019hui.<\/p>\n<p>Il a soulign\u00e9 que cette visite \u00e9tait importante pour \u00e9valuer les travaux et r\u00e9soudre certains probl\u00e8mes techniques en coordination avec le bureau de contr\u00f4le et la soci\u00e9t\u00e9 de supervision, o\u00f9 des d\u00e9cisions d\u00e9cisives ont \u00e9t\u00e9 prises pour surmonter ces difficult\u00e9s.<\/p>\n<p>La composante routi\u00e8re dans la moughataa de Riyad sera achev\u00e9e \u00e0 la fin de ce mois, a-t-il dit, notant qu\u2019environ 50 pour cent des travaux ont \u00e9t\u00e9 r\u00e9alis\u00e9s jusqu\u2019\u00e0 pr\u00e9sent. Il a \u00e9galement soulign\u00e9 que le projet comprend quatre axes dont le degr\u00e9 d\u2019avancement varie, l\u2019un d\u2019entre eux ayant atteint 14 % d\u2019avancement, tandis que les travaux se poursuivent sur les autres axes, l\u2019objectif \u00e9tant de s\u2019assurer qu\u2019ils sont tous \u00e0 des stades avanc\u00e9s avant la fin de ce mois.<\/p>\n<p>Il a soulign\u00e9 que le suivi sur le terrain se poursuivra au cours de la p\u00e9riode \u00e0 venir, afin de s\u2019assurer que le projet est mis en \u0153uvre conform\u00e9ment aux normes requises et avec la rapidit\u00e9 n\u00e9cessaire.<\/p>\n<p>La visite s\u2019est d\u00e9roul\u00e9e en pr\u00e9sence des autorit\u00e9s administratives et s\u00e9curitaires des trois wilayas de Nouakchott et d\u2019un certain nombre de cadres du minist\u00e8re de l\u2019\u00e9quipement et du transport.<\/p>\n<p>Ami<\/p>\n","protected":false},"excerpt":{"rendered":"<p>Le ministre de l\u2019\u00e9quipement et des transports, M. Ely Ould El Veirick, a effectu\u00e9, dimanche, une visite pour s\u2019informer sur l\u2019\u00e9tat d\u2019avancement des travaux sur certains axes du volet routier du programme d\u2019urgence pour le d\u00e9veloppement et la modernisation de la ville de Nouakchott. La visite a couvert les trois wilayas de Nouakchott, o\u00f9 le &hellip;<\/p>\n","protected":false},"author":2,"featured_media":14985,"comment_status":"open","ping_status":"open","sticky":false,"template":"","format":"standard","meta":{"footnotes":""},"categories":[18],"tags":[],"class_list":["post-14984","post","type-post","status-publish","format-standard","has-post-thumbnail","hentry","category-actualites"],"_links":{"self":[{"href":"https:\/\/ladepeche.mr\/index.php?rest_route=\/wp\/v2\/posts\/14984","targetHints":{"allow":["GET"]}}],"collection":[{"href":"https:\/\/ladepeche.mr\/index.php?rest_route=\/wp\/v2\/posts"}],"about":[{"href":"https:\/\/ladepeche.mr\/index.php?rest_route=\/wp\/v2\/types\/post"}],"author":[{"embeddable":true,"href":"https:\/\/ladepeche.mr\/index.php?rest_route=\/wp\/v2\/users\/2"}],"replies":[{"embeddable":true,"href":"https:\/\/ladepeche.mr\/index.php?rest_route=%2Fwp%2Fv2%2Fcomments&post=14984"}],"version-history":[{"count":2,"href":"https:\/\/ladepeche.mr\/index.php?rest_route=\/wp\/v2\/posts\/14984\/revisions"}],"predecessor-version":[{"id":14988,"href":"https:\/\/ladepeche.mr\/index.php?rest_route=\/wp\/v2\/posts\/14984\/revisions\/14988"}],"wp:featuredmedia":[{"embeddable":true,"href":"https:\/\/ladepeche.mr\/index.php?rest_route=\/wp\/v2\/media\/14985"}],"wp:attachment":[{"href":"https:\/\/ladepeche.mr\/index.php?rest_route=%2Fwp%2Fv2%2Fmedia&parent=14984"}],"wp:term":[{"taxonomy":"category","embeddable":true,"href":"https:\/\/ladepeche.mr\/index.php?rest_route=%2Fwp%2Fv2%2Fcategories&post=14984"},{"taxonomy":"post_tag","embeddable":true,"href":"https:\/\/ladepeche.mr\/index.php?rest_route=%2Fwp%2Fv2%2Ftags&post=14984"}],"curies":[{"name":"wp","href":"https:\/\/api.w.org\/{rel}","templated":true}]}}