{"id":14989,"date":"2025-04-07T15:50:13","date_gmt":"2025-04-07T15:50:13","guid":{"rendered":"https:\/\/ladepeche.mr\/?p=14989"},"modified":"2025-04-07T16:54:16","modified_gmt":"2025-04-07T16:54:16","slug":"le-coordinateur-du-dialogue-politique-devant-la-presse-le-devoir-de-tous-est-de-simpliquer-pour-assurer-le-plus-grand-succes-a-ce-dialogue","status":"publish","type":"post","link":"https:\/\/ladepeche.mr\/?p=14989","title":{"rendered":"Moussa Fall devant la presse : \u00abLe devoir de tous est de s\u2019impliquer pour assurer le plus grand succ\u00e8s \u00e0 ce dialogue \u00bb"},"content":{"rendered":"<p>Le coordinateur du dialogue politique national, Moussa Fall, a tenu, lundi, une conf\u00e9rence de presse en vue de tenir l\u2019opinion publique inform\u00e9e des d\u00e9veloppements du futur dialogue. En r\u00e9alit\u00e9 se sachant sollicit\u00e9 par les m\u00e9dias et pour \u00e9viter, au passade, d\u2019en d\u00e9cevoir, le coordinateur du dialogue politique national a estim\u00e9 que des conf\u00e9rences de presse r\u00e9guli\u00e8res seraient plus \u00e9quitables et permettraient de faire la lumi\u00e8re sur le chemin parcouru.<br \/>\nApr\u00e8s avoir rappel\u00e9 le contexte de sa d\u00e9signation, M. Fall a estim\u00e9 que l\u2019ouverture d\u2019un d\u00e9bat constitue en elle-m\u00eame une \u00ab opportunit\u00e9 historique \u00bb pour les acteurs politiques d\u2019autant que cette offre de dialogue \u00e9manant du Chef de l\u2019Etat n\u2019est pas faite &#8220;&#8221;ni sous la pression politique, ni sous une pression sociale&#8221;. Pour lui le dialogue est une \u00abinspiration personnelle du pr\u00e9sident \u00bb pour un d\u00e9bat \u00ab serein \u00bb parmi la classe politique qui l\u2019a toujours sollicit\u00e9 afin de r\u00e9fl\u00e9chir ensemble aux meilleurs moyens d\u2019\u00e9tablir des r\u00e8gles du jeu politique. Pas de \u00ab solution toute faite\u00bb. Il n\u2019a aucune recette magique que celle d\u2019\u00e9changer \u2013ce qui est diff\u00e9rent des pr\u00e9c\u00e9dentes exp\u00e9riences de dialogue politique- dans une phase pr\u00e9liminaire, avec les partenaires politiques des contours qui seraient \u00e0 leurs yeux idoines pour faire avancer le pays.<br \/>\nLe coordinateur est sans doute un homme prudent. Il donne l\u2019impression d\u2019\u00e9viter de mettre la charrue avant les b\u0153ufs m\u00eame si pour cela il essuie quelques piques \u00abanti-personnelles\u00bb qui ne m\u00e9nagent ni sa famille, ni lui-m\u00eame mais qu\u2019il accuse avec d\u00e9tachement et non sans une certaine philosophie bien du terroir ; le sourire aux l\u00e8vres.<br \/>\nPlacide et imperturbable, Moussa Fall, en homme ind\u00e9pendant, croit en une chose : sa mission. Celle d\u2019avoir re\u00e7u la confiance du pr\u00e9sident de la R\u00e9publique pour tenter de \u00abrassembler les repr\u00e9sentants politiques autour d\u2019une m\u00eame table pour envisager, en commun, l\u2019avenir du pays\u00bb. C\u2019est apparemment, la seule chose sur laquelle il ne veut faire aucune concession. Tout le reste est discutable.<br \/>\nPour se faire, il estime qu\u2019une d\u00e9marche pr\u00e9paratoire est d\u00e9sormais engag\u00e9e pour impliquer l\u2019ensemble des repr\u00e9sentants des forces vives de la Nation et pour \u00ab uniformiser \u00bb leurs positions autour de quelques axes pr\u00e9cis \u00e0 savoir : leurs attentes et les th\u00e8mes \u00e0 retenir pour le d\u00e9bat, la mise en place d\u2019une liste exhaustive des participants, fixer une m\u00e9thodologie pour l\u2019organisation du d\u00e9bat et s\u2019assurer de pr\u00e9voir les m\u00e9canismes pour la mise en oeuvre des d\u00e9cisions d\u00e9cid\u00e9es coll\u00e9gialement. Un processus pour lequel Moussa Fall dit prendre tout le temps \u00ab n\u00e9cessaire pour son aboutissement\u00bb.<br \/>\nPour lui, toutes les propositions seront consign\u00e9es et discut\u00e9es dans une premi\u00e8re \u00e9tape et inscrite au d\u00e9bat final en cas de consensus. Une feuille de route servira \u00e0 cadrer le d\u00e9bat. Le coordinateur fonde son espoir sur l\u2019organisation d\u2019un dialogue politique sain qui devrait susciter des r\u00e9sultats tangibles et \u00ab d\u00e9cisifs pour le pays \u00bb souligne-t-il.<br \/>\nA noter que le coordinateur du dialogue s\u2019\u00e9tait enfin pr\u00eat\u00e9 aux questions de tous les journalistes, prenant le temps de r\u00e9pondre \u00e0 chacune des interrogations m\u00eame si parfois elles \u00e9taient parfois professionnellement \u00ab d\u00e9sobligeantes\u00bb.<br \/>\nJD<\/p>\n","protected":false},"excerpt":{"rendered":"<p>Le coordinateur du dialogue politique national, Moussa Fall, a tenu, lundi, une conf\u00e9rence de presse en vue de tenir l\u2019opinion publique inform\u00e9e des d\u00e9veloppements du futur dialogue. En r\u00e9alit\u00e9 se sachant sollicit\u00e9 par les m\u00e9dias et pour \u00e9viter, au passade, d\u2019en d\u00e9cevoir, le coordinateur du dialogue politique national a estim\u00e9 que des conf\u00e9rences de presse &hellip;<\/p>\n","protected":false},"author":2,"featured_media":14990,"comment_status":"open","ping_status":"open","sticky":false,"template":"","format":"standard","meta":{"footnotes":""},"categories":[18,31],"tags":[],"class_list":["post-14989","post","type-post","status-publish","format-standard","has-post-thumbnail","hentry","category-actualites","category-politique-et-reportages"],"_links":{"self":[{"href":"https:\/\/ladepeche.mr\/index.php?rest_route=\/wp\/v2\/posts\/14989","targetHints":{"allow":["GET"]}}],"collection":[{"href":"https:\/\/ladepeche.mr\/index.php?rest_route=\/wp\/v2\/posts"}],"about":[{"href":"https:\/\/ladepeche.mr\/index.php?rest_route=\/wp\/v2\/types\/post"}],"author":[{"embeddable":true,"href":"https:\/\/ladepeche.mr\/index.php?rest_route=\/wp\/v2\/users\/2"}],"replies":[{"embeddable":true,"href":"https:\/\/ladepeche.mr\/index.php?rest_route=%2Fwp%2Fv2%2Fcomments&post=14989"}],"version-history":[{"count":6,"href":"https:\/\/ladepeche.mr\/index.php?rest_route=\/wp\/v2\/posts\/14989\/revisions"}],"predecessor-version":[{"id":14999,"href":"https:\/\/ladepeche.mr\/index.php?rest_route=\/wp\/v2\/posts\/14989\/revisions\/14999"}],"wp:featuredmedia":[{"embeddable":true,"href":"https:\/\/ladepeche.mr\/index.php?rest_route=\/wp\/v2\/media\/14990"}],"wp:attachment":[{"href":"https:\/\/ladepeche.mr\/index.php?rest_route=%2Fwp%2Fv2%2Fmedia&parent=14989"}],"wp:term":[{"taxonomy":"category","embeddable":true,"href":"https:\/\/ladepeche.mr\/index.php?rest_route=%2Fwp%2Fv2%2Fcategories&post=14989"},{"taxonomy":"post_tag","embeddable":true,"href":"https:\/\/ladepeche.mr\/index.php?rest_route=%2Fwp%2Fv2%2Ftags&post=14989"}],"curies":[{"name":"wp","href":"https:\/\/api.w.org\/{rel}","templated":true}]}}