{"id":14996,"date":"2025-04-07T16:39:25","date_gmt":"2025-04-07T16:39:25","guid":{"rendered":"https:\/\/ladepeche.mr\/?p=14996"},"modified":"2025-04-07T16:39:25","modified_gmt":"2025-04-07T16:39:25","slug":"la-france-autorise-lavion-de-netanyahou-de-traverser-son-espace-malgre-le-mandat-darret-de-la-cpi","status":"publish","type":"post","link":"https:\/\/ladepeche.mr\/?p=14996","title":{"rendered":"La France autorise l\u2019avion de Netanyahou de traverser son espace malgr\u00e9 le mandat d\u2019arr\u00eat de la CPI"},"content":{"rendered":"<p>Selon le site web FlightRadar24, un avion du gouvernement isra\u00e9lien transportant Netanyahou, qui a quitt\u00e9 la Hongrie pour les \u00c9tats-Unis, a travers\u00e9 l\u2019espace a\u00e9rien fran\u00e7ais en d\u00e9pit d\u2019un mandat d\u2019arr\u00eat international.<\/p>\n<p>L\u2019ann\u00e9e derni\u00e8re, la Cour p\u00e9nale internationale (CPI) a d\u00e9livr\u00e9 des mandats d\u2019arr\u00eat \u00e0 l\u2019encontre de. Netanyahou et de l\u2019ancien ministre isra\u00e9lien de la d\u00e9fense Yoav Gallant pour crimes de guerre et crimes contre l\u2019humanit\u00e9 dans le cadre de la guerre \u00e0 Gaza.<\/p>\n<p>En tant que signataire de la CPI, la France est l\u00e9galement tenue de coop\u00e9rer pleinement aux enqu\u00eates et aux poursuites concernant les crimes relevant de sa comp\u00e9tence, mais elle peut utiliser son droit de veto contre toute action \u00e0 cet \u00e9gard.<\/p>\n<p>C\u2019est la troisi\u00e8me fois que la France autorise l\u2019avion de Netanyahou \u00e0 traverser son espace a\u00e9rien, les deux pr\u00e9c\u00e9dentes fois ayant eu lieu le 2 f\u00e9vrier et le 9 f\u00e9vrier pour des voyages \u00e0 destination et en provenance des \u00c9tats-Unis.<\/p>\n<p>La semaine derni\u00e8re, la Hongrie s\u2019est retir\u00e9e de la CPI apr\u00e8s avoir invit\u00e9 Netanyahou \u00e0 se rendre \u00e0 Budapest.<\/p>\n<p>Provided by SyndiGate Media Inc. (<\/p>\n<p>Syndigate.info via https:\/\/www.msn.com\/fr-xl\/afrique-du-nord\/actualite\/la-france-autorise-l-avion-de-netanyahou-de-traverser-son-espace-malgr%C3%A9-le-mandat-d-arr%C3%AAt-de-la-cpi\/ar-AA1CrB26?ocid=msedgdhp&#038;pc=U531&#038;cvid=5ba13fd2524e403e8720ad04b8b9759b&#038;ei=49<\/p>\n","protected":false},"excerpt":{"rendered":"<p>Selon le site web FlightRadar24, un avion du gouvernement isra\u00e9lien transportant Netanyahou, qui a quitt\u00e9 la Hongrie pour les \u00c9tats-Unis, a travers\u00e9 l\u2019espace a\u00e9rien fran\u00e7ais en d\u00e9pit d\u2019un mandat d\u2019arr\u00eat international. L\u2019ann\u00e9e derni\u00e8re, la Cour p\u00e9nale internationale (CPI) a d\u00e9livr\u00e9 des mandats d\u2019arr\u00eat \u00e0 l\u2019encontre de. Netanyahou et de l\u2019ancien ministre isra\u00e9lien de la d\u00e9fense &hellip;<\/p>\n","protected":false},"author":2,"featured_media":10785,"comment_status":"open","ping_status":"open","sticky":false,"template":"","format":"standard","meta":{"footnotes":""},"categories":[18,29],"tags":[],"class_list":["post-14996","post","type-post","status-publish","format-standard","has-post-thumbnail","hentry","category-actualites","category-monde"],"_links":{"self":[{"href":"https:\/\/ladepeche.mr\/index.php?rest_route=\/wp\/v2\/posts\/14996","targetHints":{"allow":["GET"]}}],"collection":[{"href":"https:\/\/ladepeche.mr\/index.php?rest_route=\/wp\/v2\/posts"}],"about":[{"href":"https:\/\/ladepeche.mr\/index.php?rest_route=\/wp\/v2\/types\/post"}],"author":[{"embeddable":true,"href":"https:\/\/ladepeche.mr\/index.php?rest_route=\/wp\/v2\/users\/2"}],"replies":[{"embeddable":true,"href":"https:\/\/ladepeche.mr\/index.php?rest_route=%2Fwp%2Fv2%2Fcomments&post=14996"}],"version-history":[{"count":1,"href":"https:\/\/ladepeche.mr\/index.php?rest_route=\/wp\/v2\/posts\/14996\/revisions"}],"predecessor-version":[{"id":14997,"href":"https:\/\/ladepeche.mr\/index.php?rest_route=\/wp\/v2\/posts\/14996\/revisions\/14997"}],"wp:featuredmedia":[{"embeddable":true,"href":"https:\/\/ladepeche.mr\/index.php?rest_route=\/wp\/v2\/media\/10785"}],"wp:attachment":[{"href":"https:\/\/ladepeche.mr\/index.php?rest_route=%2Fwp%2Fv2%2Fmedia&parent=14996"}],"wp:term":[{"taxonomy":"category","embeddable":true,"href":"https:\/\/ladepeche.mr\/index.php?rest_route=%2Fwp%2Fv2%2Fcategories&post=14996"},{"taxonomy":"post_tag","embeddable":true,"href":"https:\/\/ladepeche.mr\/index.php?rest_route=%2Fwp%2Fv2%2Ftags&post=14996"}],"curies":[{"name":"wp","href":"https:\/\/api.w.org\/{rel}","templated":true}]}}