{"id":15000,"date":"2025-04-08T10:17:59","date_gmt":"2025-04-08T10:17:59","guid":{"rendered":"https:\/\/ladepeche.mr\/?p=15000"},"modified":"2025-04-08T10:17:59","modified_gmt":"2025-04-08T10:17:59","slug":"legypte-la-jordanie-et-la-france-appellent-a-faire-pression-sur-israel-pour-quil-mette-fin-a-la-guerre-de-gaza","status":"publish","type":"post","link":"https:\/\/ladepeche.mr\/?p=15000","title":{"rendered":"L&#8217;\u00c9gypte, la Jordanie et la France appellent \u00e0 faire pression sur Isra\u00ebl pour qu&#8217;il mette fin \u00e0 la guerre de Gaza"},"content":{"rendered":"<p>Lors de leur sommet tripartite sur Gaza, tenu au Caire, les dirigeants des trois pays ont exig\u00e9 un cessez-le-feu dans la Bande de Gaza et l&#8217;acc\u00e8s \u00e0 l&#8217;aide humanitaire.<br \/>\nLes dirigeants de l&#8217;\u00c9gypte, de la Jordanie et de la France ont appel\u00e9 la communaut\u00e9 internationale, lundi, \u00e0 exercer une pression sur Isra\u00ebl pour qu&#8217;il mette fin \u00e0 son attaque meurtri\u00e8re contre la Bande de Gaza.<\/p>\n<p>C&#8217;est ce qui ressort d&#8217;un sommet sur Gaza organis\u00e9 au Caire, auquel ont particip\u00e9 le pr\u00e9sident \u00e9gyptien Abdel Fattah al-Sissi, le pr\u00e9sident fran\u00e7ais Emmanuel Macron et le roi Abdallah II de Jordanie, afin de discuter de la situation dans l&#8217;enclave palestinienne.<\/p>\n<p>Selon un communiqu\u00e9 publi\u00e9 par la Cour royale de Jordanie, les trois dirigeants ont appel\u00e9 la communaut\u00e9 internationale \u00ab \u00e0 faire pression pour qu&#8217;Isra\u00ebl cesse sa guerre contre Gaza, \u00e0 r\u00e9tablir le cessez-le-feu et \u00e0 mettre en \u0153uvre toutes ses phases, et \u00e0 reprendre l&#8217;acheminement d&#8217;une aide humanitaire suffisante pour mettre fin \u00e0 la crise de plus en plus grave \u00e0 laquelle sont confront\u00e9s les habitants de Gaza \u00bb.<\/p>\n<p>Le roi Abdallah a mis en garde contre la poursuite des attaques isra\u00e9liennes qui \u00ab sapent tous les efforts diplomatiques et humanitaires visant \u00e0 mettre fin \u00e0 la crise et menacent de plonger toute la r\u00e9gion dans le chaos \u00bb.<\/p>\n<p>Il a soulign\u00e9 la n\u00e9cessit\u00e9 de parvenir \u00e0 une accalmie r\u00e9gionale et d&#8217;\u0153uvrer \u00e0 la recherche d&#8217;un horizon politique pour parvenir \u00e0 une paix juste et globale fond\u00e9e sur la solution \u00e0 deux \u00c9tats, \u00ab qui garantisse la s\u00e9curit\u00e9 et la stabilit\u00e9 des Palestiniens, des Isra\u00e9liens et de l&#8217;ensemble de la r\u00e9gion \u00bb.<\/p>\n<p>Abdallah II a \u00e9galement r\u00e9affirm\u00e9 que la Jordanie refusait tout d\u00e9placement des Palestiniens de Gaza et de la Cisjordanie occup\u00e9e, mettant en garde contre \u00ab le danger de la poursuite des mesures unilat\u00e9rales contre les Palestiniens en Cisjordanie, ainsi que des violations des lieux saints musulmans et chr\u00e9tiens \u00e0 J\u00e9rusalem \u00bb.<\/p>\n<p>Les trois dirigeants ont soulign\u00e9 \u00ab l&#8217;importance d&#8217;efforts internationaux unifi\u00e9s, en particulier de la part de pays de l&#8217;UE comme la France, pour soutenir le plan arabe de reconstruction de Gaza \u00bb, selon le communiqu\u00e9.<\/p>\n<p>Ils ont \u00e9galement appel\u00e9 \u00e0 \u00ab une voie politique menant \u00e0 la cr\u00e9ation d&#8217;un \u00c9tat palestinien ind\u00e9pendant, avec J\u00e9rusalem-Est pour capitale, ainsi qu&#8217;\u00e0 une paix et une s\u00e9curit\u00e9 durables dans la r\u00e9gion, et \u00e0 la fin de l&#8217;escalade du conflit \u00bb.<\/p>\n<p>Le sommet de lundi s&#8217;est tenu alors que l&#8217;arm\u00e9e isra\u00e9lienne a intensifi\u00e9 ses attaques contre le territoire palestinien, o\u00f9 pr\u00e8s de 1 400 personnes ont \u00e9t\u00e9 tu\u00e9es et 3 400 autres bless\u00e9es dans des frappes a\u00e9riennes depuis le 18 mars, malgr\u00e9 un cessez-le-feu et un accord d&#8217;\u00e9change de prisonniers.<\/p>\n<p>Plus de 50 700 Palestiniens ont \u00e9t\u00e9 tu\u00e9s par la guerre isra\u00e9lienne depuis octobre 2023, la plupart d&#8217;entre eux \u00e9tant des femmes et des enfants.<\/p>\n<p>En novembre dernier, la Cour p\u00e9nale internationale (CPI) a d\u00e9livr\u00e9 des mandats d&#8217;arr\u00eat \u00e0 l&#8217;encontre de Netanyahu et de son ancien ministre de la d\u00e9fense, Yoav Gallant, pour crimes de guerre et crimes contre l&#8217;humanit\u00e9 commis dans la Bande de Gaza.<\/p>\n<p>Isra\u00ebl est \u00e9galement poursuivi pour \u00ab crime de g\u00e9nocide \u00bb devant la Cour internationale de justice (CIJ) en raison de la guerre qu&#8217;il fait subir \u00e0 l&#8217;enclave palestinienne.<br \/>\naa.com.tr<\/p>\n","protected":false},"excerpt":{"rendered":"<p>Lors de leur sommet tripartite sur Gaza, tenu au Caire, les dirigeants des trois pays ont exig\u00e9 un cessez-le-feu dans la Bande de Gaza et l&#8217;acc\u00e8s \u00e0 l&#8217;aide humanitaire. Les dirigeants de l&#8217;\u00c9gypte, de la Jordanie et de la France ont appel\u00e9 la communaut\u00e9 internationale, lundi, \u00e0 exercer une pression sur Isra\u00ebl pour qu&#8217;il mette &hellip;<\/p>\n","protected":false},"author":2,"featured_media":15001,"comment_status":"open","ping_status":"open","sticky":false,"template":"","format":"standard","meta":{"footnotes":""},"categories":[18,29],"tags":[],"class_list":["post-15000","post","type-post","status-publish","format-standard","has-post-thumbnail","hentry","category-actualites","category-monde"],"_links":{"self":[{"href":"https:\/\/ladepeche.mr\/index.php?rest_route=\/wp\/v2\/posts\/15000","targetHints":{"allow":["GET"]}}],"collection":[{"href":"https:\/\/ladepeche.mr\/index.php?rest_route=\/wp\/v2\/posts"}],"about":[{"href":"https:\/\/ladepeche.mr\/index.php?rest_route=\/wp\/v2\/types\/post"}],"author":[{"embeddable":true,"href":"https:\/\/ladepeche.mr\/index.php?rest_route=\/wp\/v2\/users\/2"}],"replies":[{"embeddable":true,"href":"https:\/\/ladepeche.mr\/index.php?rest_route=%2Fwp%2Fv2%2Fcomments&post=15000"}],"version-history":[{"count":1,"href":"https:\/\/ladepeche.mr\/index.php?rest_route=\/wp\/v2\/posts\/15000\/revisions"}],"predecessor-version":[{"id":15002,"href":"https:\/\/ladepeche.mr\/index.php?rest_route=\/wp\/v2\/posts\/15000\/revisions\/15002"}],"wp:featuredmedia":[{"embeddable":true,"href":"https:\/\/ladepeche.mr\/index.php?rest_route=\/wp\/v2\/media\/15001"}],"wp:attachment":[{"href":"https:\/\/ladepeche.mr\/index.php?rest_route=%2Fwp%2Fv2%2Fmedia&parent=15000"}],"wp:term":[{"taxonomy":"category","embeddable":true,"href":"https:\/\/ladepeche.mr\/index.php?rest_route=%2Fwp%2Fv2%2Fcategories&post=15000"},{"taxonomy":"post_tag","embeddable":true,"href":"https:\/\/ladepeche.mr\/index.php?rest_route=%2Fwp%2Fv2%2Ftags&post=15000"}],"curies":[{"name":"wp","href":"https:\/\/api.w.org\/{rel}","templated":true}]}}