{"id":15010,"date":"2025-04-09T15:17:28","date_gmt":"2025-04-09T15:17:28","guid":{"rendered":"https:\/\/ladepeche.mr\/?p=15010"},"modified":"2025-04-09T15:17:28","modified_gmt":"2025-04-09T15:17:28","slug":"evenements-de-selibaby-le-wali-du-guidimagha-suspendu-les-responsables-regionaux-de-la-securite-releves-de-leurs-fonctions","status":"publish","type":"post","link":"https:\/\/ladepeche.mr\/?p=15010","title":{"rendered":"\u00c9v\u00e9nements de S\u00e9libaby: le wali du Guidimagha suspendu, les responsables r\u00e9gionaux de la s\u00e9curit\u00e9 relev\u00e9s de leurs fonctions"},"content":{"rendered":"<p>Suite aux \u00e9v\u00e9nements survenus ces derniers jours dans la ville de S\u00e9libaby, Son Excellence le Pr\u00e9sident de la R\u00e9publique, M. Mohamed Ould Cheikh El Ghazouani, a ordonn\u00e9 au ministre de la D\u00e9fense nationale, des Retrait\u00e9s et des Enfants de Martyrs, au ministre de l\u2019Int\u00e9rieur, de la D\u00e9centralisation et du D\u00e9veloppement local, ainsi qu\u2019aux chefs d\u2019\u00e9tat-major des structures de s\u00e9curit\u00e9 nationale, de diligenter une enqu\u00eate approfondie sur les circonstances de l\u2019incident.<\/p>\n<p>Sur la base des r\u00e9sultats de cette enqu\u00eate, les d\u00e9cisions suivantes ont \u00e9t\u00e9 prises :<\/p>\n<p>Suspension des fonctions du wali du Guidimagha.<\/p>\n<p>En outre, le directeur r\u00e9gional de la S\u00fbret\u00e9 Nationale, le commandant de la Compagnie R\u00e9gionale de la Gendarmerie Nationale et le commandant du Groupement R\u00e9gional de la Garde Nationale de la wilaya du Guidimagha ont \u00e9t\u00e9 relev\u00e9s de leurs fonctions.<br \/>\nAmi<\/p>\n","protected":false},"excerpt":{"rendered":"<p>Suite aux \u00e9v\u00e9nements survenus ces derniers jours dans la ville de S\u00e9libaby, Son Excellence le Pr\u00e9sident de la R\u00e9publique, M. Mohamed Ould Cheikh El Ghazouani, a ordonn\u00e9 au ministre de la D\u00e9fense nationale, des Retrait\u00e9s et des Enfants de Martyrs, au ministre de l\u2019Int\u00e9rieur, de la D\u00e9centralisation et du D\u00e9veloppement local, ainsi qu\u2019aux chefs d\u2019\u00e9tat-major &hellip;<\/p>\n","protected":false},"author":2,"featured_media":15011,"comment_status":"open","ping_status":"open","sticky":false,"template":"","format":"standard","meta":{"footnotes":""},"categories":[18],"tags":[],"class_list":["post-15010","post","type-post","status-publish","format-standard","has-post-thumbnail","hentry","category-actualites"],"_links":{"self":[{"href":"https:\/\/ladepeche.mr\/index.php?rest_route=\/wp\/v2\/posts\/15010","targetHints":{"allow":["GET"]}}],"collection":[{"href":"https:\/\/ladepeche.mr\/index.php?rest_route=\/wp\/v2\/posts"}],"about":[{"href":"https:\/\/ladepeche.mr\/index.php?rest_route=\/wp\/v2\/types\/post"}],"author":[{"embeddable":true,"href":"https:\/\/ladepeche.mr\/index.php?rest_route=\/wp\/v2\/users\/2"}],"replies":[{"embeddable":true,"href":"https:\/\/ladepeche.mr\/index.php?rest_route=%2Fwp%2Fv2%2Fcomments&post=15010"}],"version-history":[{"count":1,"href":"https:\/\/ladepeche.mr\/index.php?rest_route=\/wp\/v2\/posts\/15010\/revisions"}],"predecessor-version":[{"id":15012,"href":"https:\/\/ladepeche.mr\/index.php?rest_route=\/wp\/v2\/posts\/15010\/revisions\/15012"}],"wp:featuredmedia":[{"embeddable":true,"href":"https:\/\/ladepeche.mr\/index.php?rest_route=\/wp\/v2\/media\/15011"}],"wp:attachment":[{"href":"https:\/\/ladepeche.mr\/index.php?rest_route=%2Fwp%2Fv2%2Fmedia&parent=15010"}],"wp:term":[{"taxonomy":"category","embeddable":true,"href":"https:\/\/ladepeche.mr\/index.php?rest_route=%2Fwp%2Fv2%2Fcategories&post=15010"},{"taxonomy":"post_tag","embeddable":true,"href":"https:\/\/ladepeche.mr\/index.php?rest_route=%2Fwp%2Fv2%2Ftags&post=15010"}],"curies":[{"name":"wp","href":"https:\/\/api.w.org\/{rel}","templated":true}]}}