{"id":15013,"date":"2025-04-09T21:08:01","date_gmt":"2025-04-09T21:08:01","guid":{"rendered":"https:\/\/ladepeche.mr\/?p=15013"},"modified":"2025-04-09T21:08:01","modified_gmt":"2025-04-09T21:08:01","slug":"le-conseil-des-ministres-approuve-un-projet-de-loi-portant-statut-de-corps-des-douanes","status":"publish","type":"post","link":"https:\/\/ladepeche.mr\/?p=15013","title":{"rendered":"Le Conseil des ministres approuve un projet de loi portant statut de corps des Douanes."},"content":{"rendered":"<p>Le Conseil des Ministres s\u2019est r\u00e9uni le mercredi 09 avril 2025, sous la Pr\u00e9sidence de Son Excellence Monsieur Mohamed Ould Cheikh El-Ghazouani, Pr\u00e9sident de la R\u00e9publique.<\/p>\n<p>Le Conseil a examin\u00e9 et approuv\u00e9 un projet de loi portant statut de corps des Douanes.<\/p>\n<p>Ce projet de loi vise \u00e0 \u00e9tablir un r\u00e9gime sp\u00e9cifique pour la gestion du personnel des Douanes en instituant un cadre juridique harmonis\u00e9 avec les lois r\u00e9gissant les Corps de S\u00e9curit\u00e9 et les Corps paramilitaires nationaux similaires.<\/p>\n<p>Cette r\u00e9forme consacre le r\u00f4le vital et multidimensionnel des Douanes, qui jouent simultan\u00e9ment un r\u00f4le \u00e9conomique crucial en ce qui concerne les recettes et revenus de l\u2019Etat, ses importations et exportations et le contr\u00f4le des \u00e9changes commerciaux ext\u00e9rieurs, ainsi qu\u2019un r\u00f4le pr\u00e9ventif \u00e0 double vocation en garantissant la s\u00e9curit\u00e9 \u00e0 travers la lutte contre le trafic de drogues et d\u2019armes, ainsi que la gestion des crises.<\/p>\n<p>Le pr\u00e9sent projet de loi a pour objectif de r\u00e9organiser et restructurer les diff\u00e9rents corps, tout en rem\u00e9diant a plusieurs lacunes des lois et r\u00e8glements int\u00e9rieurs, en introduisant des innovations afin de garantir :<\/p>\n<p>\u2022 Une dynamique d\u2019avancement fluide et \u00e9quitable pour garantir les droits du Personnel.<\/p>\n<p>\u2022 Une organisation des diff\u00e9rents Corps permettant d\u2019\u00e9tablir un parcours professionnel clair et motivant.<\/p>\n<p>\u2022 Une mise \u00e0 jour des crit\u00e8res de recrutement, permettant au corps de s\u00e9lectionner son personnel suivant des normes claires et pr\u00e9cises en fonction des besoins (vers une Douane de m\u00e9tier) et d\u2019am\u00e9liorer la formation et le perfectionnement continu de ses agents.<\/p>\n<p>\u2022 L\u2019harmonisation et l\u2019adaptation des grades administratifs avec les grades militaires apparents et obligatoires, en raison de la nature sp\u00e9cifique des missions.<\/p>\n<p>Le Conseil a \u00e9galement examin\u00e9 et adopt\u00e9 les projets de d\u00e9crets suivants :<\/p>\n<p>\u2010 Projet de d\u00e9cret portant nomination des membres du Conseil Economique, Social et Environnemental.<\/p>\n<p>\u2010 Projet de d\u00e9cret portant nomination du Pr\u00e9sident du Conseil d\u2019Administration du Parc National du Banc d\u2019Arguin.<\/p>\n<p>\u2010 Projet de d\u00e9cret d\u00e9clarant la Fondation du Patrimoine \u00ab Association d\u2019utilit\u00e9 Publique \u00bb.<\/p>\n<p>Le pr\u00e9sent projet de d\u00e9cret vise \u00e0 reconnaitre la Fondation du Patrimoine cr\u00e9\u00e9e depuis le 05 f\u00e9vrier 1996, comme une association d\u2019utilit\u00e9 publique, ce qui lui permettrait de b\u00e9n\u00e9ficier des avantages accord\u00e9s aux associations d\u2019utilit\u00e9 publique conform\u00e9ment aux dispositions des articles 30 \u00e0 40 de la Loi n\u00b0 2021\u2013004 du 10 f\u00e9vrier 2021 relative aux Associations, aux Fondations et aux R\u00e9seaux.<\/p>\n<p>Ce statut conf\u00e9rera la Fondation du Patrimoine la possibilit\u00e9 d\u2019\u00e9largir son champ d\u2019intervention et de b\u00e9n\u00e9ficier de l\u2019assistance et de l\u2019appui des autorit\u00e9s administratives conform\u00e9ment aux dispositions l\u00e9gislatives et r\u00e9glementaires r\u00e9gissant les associations d\u00e9clar\u00e9es d\u2019utilit\u00e9 publique.<\/p>\n<p>\u2010 Projet de d\u00e9cret d\u00e9clarant le centre Terranim pour les Arts \u00ab Association d\u2019utilit\u00e9 Publique \u00bb.<\/p>\n<p>Ce projet de d\u00e9cret a pour objet de d\u00e9clarer le Centre TERRANIM pour les Arts Populaires \u00ab Association d\u2019Utilit\u00e9 Publique \u00bb. Il permettra \u00e0 cette importante Organisation Non Gouvernementale cr\u00e9\u00e9e depuis le 22 juillet 2016, de b\u00e9n\u00e9ficier des pr\u00e9rogatives des associations d\u2019utilit\u00e9 publique conform\u00e9ment aux dispositions des articles 30 \u00e0 40 de la Loi n\u00b0 2021\u2013004 du 10 f\u00e9vrier 2021 relative aux Associations, aux Fondations et aux R\u00e9seaux.<\/p>\n<p>Ce statut conf\u00e9rera au Centre TERRANIM pour les Arts Populaires la possibilit\u00e9 d\u2019\u00e9largir son champ d\u2019intervention et de b\u00e9n\u00e9ficier de l\u2019assistance et de l\u2019appui des autorit\u00e9s administratives conform\u00e9ment aux dispositions l\u00e9gislatives et r\u00e9glementaires r\u00e9gissant les associations d\u00e9clar\u00e9es d\u2019utilit\u00e9 publique.<\/p>\n<p>\u2010 Projet de d\u00e9cret modifiant certaines dispositions du d\u00e9cret n\u00b02021-026 du 24 f\u00e9vrier 2021 portant cr\u00e9ation, organisation et fonctionnement du Groupe Polytechnique.<\/p>\n<p>Le pr\u00e9sent projet de d\u00e9cret a pour objectif de redresser certaines d\u00e9faillances des anciens textes dans le but d\u2019harmoniser la gouvernance des \u00e9tablissements du Groupe avec les particularit\u00e9s li\u00e9es \u00e0 la double tutelle.<\/p>\n<p>Il est notamment question d\u2019introduire les structures transversales n\u00e9cessaires \u00e0 la mutualisation des ressources entre les \u00e9tablissements du Groupe et de pr\u00e9ciser certaines dispositions de leur organisation.<\/p>\n<p>Le Ministre de la Justice, Ministre des Affaires Etrang\u00e8res, de la Coop\u00e9ration Africaine et des Mauritaniens de l\u2019Ext\u00e9rieur par int\u00e9rim a pr\u00e9sent\u00e9 une communication relative \u00e0 la situation internationale.<\/p>\n<p>Le Ministre de l\u2019Int\u00e9rieur, de la Promotion de la D\u00e9centralisation et du D\u00e9veloppement Local a pr\u00e9sent\u00e9 une communication relative \u00e0 la situation int\u00e9rieure.<\/p>\n<p>Enfin, le Conseil a pris les mesures individuelles suivantes :<\/p>\n<p>Minist\u00e8re de l\u2019Int\u00e9rieur, de la Promotion de la D\u00e9centralisation et du D\u00e9veloppement Local<\/p>\n<p>Administration Centrale<\/p>\n<p>Direction G\u00e9n\u00e9rale de la Synth\u00e8se, des Affaires Politiques et des Libert\u00e9s Publiques<\/p>\n<p>\u2010 Directeur G\u00e9n\u00e9ral : Elbou Ould El Vadhel, pr\u00e9c\u00e9demment Conseiller au Cabinet du Ministre<\/p>\n<p>Administration Territoriale<\/p>\n<p>Wilaya du Guidimagha<\/p>\n<p>\u2010 Wali : Dahmane Ould Beirouk, Administrateur Adjoint, pr\u00e9c\u00e9demment Directeur G\u00e9n\u00e9rale de la Synth\u00e8se, des Affaires Politiques et des Libert\u00e9s, en remplacement de Ahmed Ould Mohamed Mahmoud Ould Deh qui est d\u00e9charg\u00e9 de ses fonctions.<\/p>\n<p>Minist\u00e8re de l\u2019Hydraulique et de l\u2019Assainissement<\/p>\n<p>Etablissements Publics<\/p>\n<p>Soci\u00e9t\u00e9 Nationale des Forages et Puits<\/p>\n<p>\u2010 Directeur G\u00e9n\u00e9ral Adjoint : Yeli Camara, Expert en Hydrog\u00e9ologie.<\/p>\n<p>Ami<\/p>\n","protected":false},"excerpt":{"rendered":"<p>Le Conseil des Ministres s\u2019est r\u00e9uni le mercredi 09 avril 2025, sous la Pr\u00e9sidence de Son Excellence Monsieur Mohamed Ould Cheikh El-Ghazouani, Pr\u00e9sident de la R\u00e9publique. Le Conseil a examin\u00e9 et approuv\u00e9 un projet de loi portant statut de corps des Douanes. Ce projet de loi vise \u00e0 \u00e9tablir un r\u00e9gime sp\u00e9cifique pour la gestion &hellip;<\/p>\n","protected":false},"author":2,"featured_media":11438,"comment_status":"open","ping_status":"open","sticky":false,"template":"","format":"standard","meta":{"footnotes":""},"categories":[18],"tags":[],"class_list":["post-15013","post","type-post","status-publish","format-standard","has-post-thumbnail","hentry","category-actualites"],"_links":{"self":[{"href":"https:\/\/ladepeche.mr\/index.php?rest_route=\/wp\/v2\/posts\/15013","targetHints":{"allow":["GET"]}}],"collection":[{"href":"https:\/\/ladepeche.mr\/index.php?rest_route=\/wp\/v2\/posts"}],"about":[{"href":"https:\/\/ladepeche.mr\/index.php?rest_route=\/wp\/v2\/types\/post"}],"author":[{"embeddable":true,"href":"https:\/\/ladepeche.mr\/index.php?rest_route=\/wp\/v2\/users\/2"}],"replies":[{"embeddable":true,"href":"https:\/\/ladepeche.mr\/index.php?rest_route=%2Fwp%2Fv2%2Fcomments&post=15013"}],"version-history":[{"count":1,"href":"https:\/\/ladepeche.mr\/index.php?rest_route=\/wp\/v2\/posts\/15013\/revisions"}],"predecessor-version":[{"id":15014,"href":"https:\/\/ladepeche.mr\/index.php?rest_route=\/wp\/v2\/posts\/15013\/revisions\/15014"}],"wp:featuredmedia":[{"embeddable":true,"href":"https:\/\/ladepeche.mr\/index.php?rest_route=\/wp\/v2\/media\/11438"}],"wp:attachment":[{"href":"https:\/\/ladepeche.mr\/index.php?rest_route=%2Fwp%2Fv2%2Fmedia&parent=15013"}],"wp:term":[{"taxonomy":"category","embeddable":true,"href":"https:\/\/ladepeche.mr\/index.php?rest_route=%2Fwp%2Fv2%2Fcategories&post=15013"},{"taxonomy":"post_tag","embeddable":true,"href":"https:\/\/ladepeche.mr\/index.php?rest_route=%2Fwp%2Fv2%2Ftags&post=15013"}],"curies":[{"name":"wp","href":"https:\/\/api.w.org\/{rel}","templated":true}]}}