{"id":15015,"date":"2025-04-09T21:10:03","date_gmt":"2025-04-09T21:10:03","guid":{"rendered":"https:\/\/ladepeche.mr\/?p=15015"},"modified":"2025-04-09T21:10:03","modified_gmt":"2025-04-09T21:10:03","slug":"les-etats-unis-reaffirment-leur-reconnaissance-de-la-souverainete-du-maroc-sur-le-sahara","status":"publish","type":"post","link":"https:\/\/ladepeche.mr\/?p=15015","title":{"rendered":"Les Etats-Unis r\u00e9affirment leur reconnaissance de la souverainet\u00e9 du Maroc sur le Sahara"},"content":{"rendered":"<p>En confirmation de la position communiqu\u00e9e par le Pr\u00e9sident Donald Trump \u00e0 Sa Majest\u00e9 le Roi Mphammed VI, les Etats-Unis ont r\u00e9affirm\u00e9, mardi 08 avril, leur reconnaissance de la souverainet\u00e9 du Maroc sur le Sahara.<\/p>\n<p>\u00c0 l\u2019issue d\u2019un entretien, ce mardi, entre le ministre des Affaires \u00e9trang\u00e8res, de la Coop\u00e9ration africaine et des Marocains r\u00e9sidant \u00e0 l\u2019\u00e9tranger, Nasser Bourita, et le Secr\u00e9taire d\u2019Etat Marco Rubio \u00e0 Washington, ce dernier \u00aba r\u00e9it\u00e9r\u00e9 que les Etats-Unis reconnaissent la souverainet\u00e9 du Maroc sur le Sahara\u00bb.<\/p>\n<p>Le chef de la diplomatie am\u00e9ricaine a en outre r\u00e9affirm\u00e9 que les \u00c9tats Unis \u00absoutiennent la proposition d\u2019autonomie s\u00e9rieuse, cr\u00e9dible et r\u00e9aliste en tant que seule base pour une solution juste et durable \u00e0 ce diff\u00e9rend\u00bb, a indiqu\u00e9 la porte-parole du D\u00e9partement d\u2019Etat, Tammy Bruce.<br \/>\nPour Marco Rubio a r\u00e9affirm\u00e9 que les \u00c9tats Unis \u00abcontinuent de croire qu\u2019une autonomie authentique sous souverainet\u00e9 marocaine est la seule solution faisable\u00bb.<\/p>\n<p>Dans ce cadre, le chef de la diplomatie a affirm\u00e9 que \u00able pr\u00e9sident am\u00e9ricain exhorte les parties \u00e0 s\u2019engager dans des discussions sans d\u00e9lai sur la base de la proposition marocaine d\u2019autonomie comme seul cadre en vue de n\u00e9gocier une solution mutuellement acceptable\u00bb.<\/p>\n<p>Le Secr\u00e9taire d\u2019Etat \u00aba not\u00e9 que les Etats-Unis faciliteraient le progr\u00e8s vers cet objectif\u00bb, a conclu la porte-parole.<\/p>\n<p>Atitre de rapppel, en d\u00e9cembre 2020, lors de l\u2019entretien t\u00e9l\u00e9phonique entre S.M. le Roi Mohammed VI et le Pr\u00e9sident des \u00c9tats-Unis d\u2019Am\u00e9rique, le Pr\u00e9sident Donald Trump avait inform\u00e9 le Souverain de la promulgation d\u2019un d\u00e9cret pr\u00e9sidentiel, avec ce que cet acte comporte comme force juridique et politique ind\u00e9niable et \u00e0 effet imm\u00e9diat, portant sur la d\u00e9cision des \u00c9tats-Unis d\u2019Am\u00e9rique de reconna\u00eetre la pleine souverainet\u00e9 du Royaume du Maroc sur l\u2019ensemble de la r\u00e9gion du Sahara Marocain.<\/p>\n<p>(avec MAP)<\/p>\n","protected":false},"excerpt":{"rendered":"<p>En confirmation de la position communiqu\u00e9e par le Pr\u00e9sident Donald Trump \u00e0 Sa Majest\u00e9 le Roi Mphammed VI, les Etats-Unis ont r\u00e9affirm\u00e9, mardi 08 avril, leur reconnaissance de la souverainet\u00e9 du Maroc sur le Sahara. \u00c0 l\u2019issue d\u2019un entretien, ce mardi, entre le ministre des Affaires \u00e9trang\u00e8res, de la Coop\u00e9ration africaine et des Marocains r\u00e9sidant &hellip;<\/p>\n","protected":false},"author":2,"featured_media":15016,"comment_status":"open","ping_status":"open","sticky":false,"template":"","format":"standard","meta":{"footnotes":""},"categories":[18,29],"tags":[],"class_list":["post-15015","post","type-post","status-publish","format-standard","has-post-thumbnail","hentry","category-actualites","category-monde"],"_links":{"self":[{"href":"https:\/\/ladepeche.mr\/index.php?rest_route=\/wp\/v2\/posts\/15015","targetHints":{"allow":["GET"]}}],"collection":[{"href":"https:\/\/ladepeche.mr\/index.php?rest_route=\/wp\/v2\/posts"}],"about":[{"href":"https:\/\/ladepeche.mr\/index.php?rest_route=\/wp\/v2\/types\/post"}],"author":[{"embeddable":true,"href":"https:\/\/ladepeche.mr\/index.php?rest_route=\/wp\/v2\/users\/2"}],"replies":[{"embeddable":true,"href":"https:\/\/ladepeche.mr\/index.php?rest_route=%2Fwp%2Fv2%2Fcomments&post=15015"}],"version-history":[{"count":1,"href":"https:\/\/ladepeche.mr\/index.php?rest_route=\/wp\/v2\/posts\/15015\/revisions"}],"predecessor-version":[{"id":15017,"href":"https:\/\/ladepeche.mr\/index.php?rest_route=\/wp\/v2\/posts\/15015\/revisions\/15017"}],"wp:featuredmedia":[{"embeddable":true,"href":"https:\/\/ladepeche.mr\/index.php?rest_route=\/wp\/v2\/media\/15016"}],"wp:attachment":[{"href":"https:\/\/ladepeche.mr\/index.php?rest_route=%2Fwp%2Fv2%2Fmedia&parent=15015"}],"wp:term":[{"taxonomy":"category","embeddable":true,"href":"https:\/\/ladepeche.mr\/index.php?rest_route=%2Fwp%2Fv2%2Fcategories&post=15015"},{"taxonomy":"post_tag","embeddable":true,"href":"https:\/\/ladepeche.mr\/index.php?rest_route=%2Fwp%2Fv2%2Ftags&post=15015"}],"curies":[{"name":"wp","href":"https:\/\/api.w.org\/{rel}","templated":true}]}}