{"id":15018,"date":"2025-04-09T21:24:03","date_gmt":"2025-04-09T21:24:03","guid":{"rendered":"https:\/\/ladepeche.mr\/?p=15018"},"modified":"2025-04-09T21:24:03","modified_gmt":"2025-04-09T21:24:03","slug":"le-chef-detat-major-de-la-gendarmerie-nationale-accueille-la-16eme-unite-de-la-gendarmerie-a-son-retour-de-la-republique-centrafricaine","status":"publish","type":"post","link":"https:\/\/ladepeche.mr\/?p=15018","title":{"rendered":"Le chef d\u2019\u00e9tat-major de la gendarmerie nationale accueille la 16\u00e8me unit\u00e9 de la gendarmerie \u00e0 son retour de la R\u00e9publique centrafricaine"},"content":{"rendered":"<p>a 16\u00e8me unit\u00e9 de la gendarmerie nationale en R\u00e9publique centrafricaine et la 9\u00e8me dans la ville de Bangui est rentr\u00e9e mercredi soir apr\u00e8s sa participation honorable pour le pays pendant une ann\u00e9e enti\u00e8re au sein des forces de maintien de la paix de l\u2019ONU dans ce pays africain fr\u00e8re.<\/p>\n<p>La 16\u00e8me unit\u00e9 de la gendarmerie nationale participant aux forces de maintien de la paix de l\u2019ONU et la septi\u00e8me au niveau de la capitale Bangui, en R\u00e9publique centrafricaine, a \u00e9t\u00e9 accueillie \u00e0 son retour \u00e0 l\u2019a\u00e9roport international de Nouakchott \u00ab Oum Tounsi \u00bb par le chef d\u2019\u00e9tat-major de la gendarmerie nationale, le g\u00e9n\u00e9ral de brigade Ahmed Mahmoud Ould Taya, accompagn\u00e9 du g\u00e9n\u00e9ral de brigade Mohamed Mahfoudh Abidine Sidi, directeur de la Direction de l\u2019Intendance de l\u2019\u00e9tat-major de la gendarmerie nationale.<\/p>\n<p>Cette unit\u00e9 est compos\u00e9e de 180 personnes, dont 09 officiers et 28 sous-officiers et des gendarmes, r\u00e9partis en une formation op\u00e9rationnelle, une \u00e9quipe m\u00e9dicale, une \u00e9quipe technique et une \u00e9quipe logistique, \u00e9quip\u00e9es de tout le mat\u00e9riel n\u00e9cessaire.<\/p>\n<p>Ce d\u00e9tachement, comme ses pr\u00e9d\u00e9cesseurs du corps de la gendarmerie nationale, a re\u00e7u les \u00e9loges des autorit\u00e9s de ce pays africain fr\u00e8re et de la mission de l\u2019ONU en R\u00e9publique centrafricaine.<\/p>\n<p>La r\u00e9ception de cette unit\u00e9 s\u2019est d\u00e9roul\u00e9e en pr\u00e9sence d\u2019un certain nombre d\u2019officiers, de chefs de bureaux et de commandants de directions du commandement de l\u2019\u00e9tat-major de la gendarmerie nationale.<br \/>\nAmi<\/p>\n","protected":false},"excerpt":{"rendered":"<p>a 16\u00e8me unit\u00e9 de la gendarmerie nationale en R\u00e9publique centrafricaine et la 9\u00e8me dans la ville de Bangui est rentr\u00e9e mercredi soir apr\u00e8s sa participation honorable pour le pays pendant une ann\u00e9e enti\u00e8re au sein des forces de maintien de la paix de l\u2019ONU dans ce pays africain fr\u00e8re. La 16\u00e8me unit\u00e9 de la gendarmerie &hellip;<\/p>\n","protected":false},"author":2,"featured_media":15019,"comment_status":"open","ping_status":"open","sticky":false,"template":"","format":"standard","meta":{"footnotes":""},"categories":[18,29],"tags":[],"class_list":["post-15018","post","type-post","status-publish","format-standard","has-post-thumbnail","hentry","category-actualites","category-monde"],"_links":{"self":[{"href":"https:\/\/ladepeche.mr\/index.php?rest_route=\/wp\/v2\/posts\/15018","targetHints":{"allow":["GET"]}}],"collection":[{"href":"https:\/\/ladepeche.mr\/index.php?rest_route=\/wp\/v2\/posts"}],"about":[{"href":"https:\/\/ladepeche.mr\/index.php?rest_route=\/wp\/v2\/types\/post"}],"author":[{"embeddable":true,"href":"https:\/\/ladepeche.mr\/index.php?rest_route=\/wp\/v2\/users\/2"}],"replies":[{"embeddable":true,"href":"https:\/\/ladepeche.mr\/index.php?rest_route=%2Fwp%2Fv2%2Fcomments&post=15018"}],"version-history":[{"count":1,"href":"https:\/\/ladepeche.mr\/index.php?rest_route=\/wp\/v2\/posts\/15018\/revisions"}],"predecessor-version":[{"id":15020,"href":"https:\/\/ladepeche.mr\/index.php?rest_route=\/wp\/v2\/posts\/15018\/revisions\/15020"}],"wp:featuredmedia":[{"embeddable":true,"href":"https:\/\/ladepeche.mr\/index.php?rest_route=\/wp\/v2\/media\/15019"}],"wp:attachment":[{"href":"https:\/\/ladepeche.mr\/index.php?rest_route=%2Fwp%2Fv2%2Fmedia&parent=15018"}],"wp:term":[{"taxonomy":"category","embeddable":true,"href":"https:\/\/ladepeche.mr\/index.php?rest_route=%2Fwp%2Fv2%2Fcategories&post=15018"},{"taxonomy":"post_tag","embeddable":true,"href":"https:\/\/ladepeche.mr\/index.php?rest_route=%2Fwp%2Fv2%2Ftags&post=15018"}],"curies":[{"name":"wp","href":"https:\/\/api.w.org\/{rel}","templated":true}]}}