{"id":15021,"date":"2025-04-09T22:00:21","date_gmt":"2025-04-09T22:00:21","guid":{"rendered":"https:\/\/ladepeche.mr\/?p=15021"},"modified":"2025-04-09T21:31:09","modified_gmt":"2025-04-09T21:31:09","slug":"la-commission-des-finances-examine-le-rapport-de-la-cour-des-comptes-sur-lexecution-du-budget-2023","status":"publish","type":"post","link":"https:\/\/ladepeche.mr\/?p=15021","title":{"rendered":"La commission des finances examine le rapport de la Cour des comptes sur l\u2019ex\u00e9cution du budget 2023"},"content":{"rendered":"<p>La commission des finances de l\u2019Assembl\u00e9e nationale a consacr\u00e9 sa r\u00e9union de mercredi, pr\u00e9sid\u00e9e par le d\u00e9put\u00e9 Ali Mamadou Kane, \u00e0 l\u2019examen du contenu du rapport pr\u00e9par\u00e9 par la Cour des comptes sur l\u2019ex\u00e9cution du budget de l\u2019\u00c9tat pour l\u2019ann\u00e9e 2023.<\/p>\n<p>Au cours de la r\u00e9union, la commission a suivi un expos\u00e9 du pr\u00e9sident de la Cour des comptes, M. Hamid Ould Ahmed Taleb, au cours duquel il a mis en exergue les dispositions de ce rapport, en apportant les \u00e9claircissements n\u00e9cessaires sur l\u2019ex\u00e9cution de ce budget sur la base du rapport.<\/p>\n<p>Cette r\u00e9union s\u2019inscrit dans le cadre de l\u2019examen pr\u00e9liminaire par la commission du projet de loi portant r\u00e8glement d\u00e9finitif du budget de l\u2019\u00c9tat 2023, avant sa pr\u00e9sentation en s\u00e9ance pl\u00e9ni\u00e8re.<br \/>\nAmi<\/p>\n","protected":false},"excerpt":{"rendered":"<p>La commission des finances de l\u2019Assembl\u00e9e nationale a consacr\u00e9 sa r\u00e9union de mercredi, pr\u00e9sid\u00e9e par le d\u00e9put\u00e9 Ali Mamadou Kane, \u00e0 l\u2019examen du contenu du rapport pr\u00e9par\u00e9 par la Cour des comptes sur l\u2019ex\u00e9cution du budget de l\u2019\u00c9tat pour l\u2019ann\u00e9e 2023. Au cours de la r\u00e9union, la commission a suivi un expos\u00e9 du pr\u00e9sident de &hellip;<\/p>\n","protected":false},"author":2,"featured_media":15022,"comment_status":"open","ping_status":"open","sticky":false,"template":"","format":"standard","meta":{"footnotes":""},"categories":[18,2],"tags":[],"class_list":["post-15021","post","type-post","status-publish","format-standard","has-post-thumbnail","hentry","category-actualites","category-economie"],"_links":{"self":[{"href":"https:\/\/ladepeche.mr\/index.php?rest_route=\/wp\/v2\/posts\/15021","targetHints":{"allow":["GET"]}}],"collection":[{"href":"https:\/\/ladepeche.mr\/index.php?rest_route=\/wp\/v2\/posts"}],"about":[{"href":"https:\/\/ladepeche.mr\/index.php?rest_route=\/wp\/v2\/types\/post"}],"author":[{"embeddable":true,"href":"https:\/\/ladepeche.mr\/index.php?rest_route=\/wp\/v2\/users\/2"}],"replies":[{"embeddable":true,"href":"https:\/\/ladepeche.mr\/index.php?rest_route=%2Fwp%2Fv2%2Fcomments&post=15021"}],"version-history":[{"count":1,"href":"https:\/\/ladepeche.mr\/index.php?rest_route=\/wp\/v2\/posts\/15021\/revisions"}],"predecessor-version":[{"id":15023,"href":"https:\/\/ladepeche.mr\/index.php?rest_route=\/wp\/v2\/posts\/15021\/revisions\/15023"}],"wp:featuredmedia":[{"embeddable":true,"href":"https:\/\/ladepeche.mr\/index.php?rest_route=\/wp\/v2\/media\/15022"}],"wp:attachment":[{"href":"https:\/\/ladepeche.mr\/index.php?rest_route=%2Fwp%2Fv2%2Fmedia&parent=15021"}],"wp:term":[{"taxonomy":"category","embeddable":true,"href":"https:\/\/ladepeche.mr\/index.php?rest_route=%2Fwp%2Fv2%2Fcategories&post=15021"},{"taxonomy":"post_tag","embeddable":true,"href":"https:\/\/ladepeche.mr\/index.php?rest_route=%2Fwp%2Fv2%2Ftags&post=15021"}],"curies":[{"name":"wp","href":"https:\/\/api.w.org\/{rel}","templated":true}]}}