{"id":15033,"date":"2025-04-09T23:08:13","date_gmt":"2025-04-09T23:08:13","guid":{"rendered":"https:\/\/ladepeche.mr\/?p=15033"},"modified":"2025-04-09T23:08:13","modified_gmt":"2025-04-09T23:08:13","slug":"conference-de-presse-du-coordinateur-du-dialogue-politique-national-communique-de-presse-reaction","status":"publish","type":"post","link":"https:\/\/ladepeche.mr\/?p=15033","title":{"rendered":"Conf\u00e9rence de presse du Coordinateur du dialogue politique national: Communiqu\u00e9 de presse-r\u00e9action"},"content":{"rendered":"<p>Lors d\u2019un entretien accord\u00e9 \u00e0 la presse, le coordinateur du projet de dialogue national, M. Moussa Fall, r\u00e9pondant \u00e0 une question relative \u00e0 la participation  au dialogue des partis politiques objet de  litige et notamment le cas du Rassemblement des Forces D\u00e9mocratiques (RFD) \u2014 a d\u00e9clar\u00e9 :<br \/>\n\u00ab Le parti officiel reconnu a \u00e9t\u00e9 invit\u00e9 au ftour, quant aux dissidents, je les ai re\u00e7us et ils pourront me transmettre leurs propositions. \u00bb<br \/>\nSuite \u00e0 cette d\u00e9claration, nous tenons \u00e0 apporter les clarifications suivantes :<br \/>\nLorsqu\u2019une personne est investie de la responsabilit\u00e9 de coordonner un dialogue national dit \u00ab inclusif&#8221;,  il est imp\u00e9ratif qu\u2019elle ma\u00eetrise avec rigueur la situation juridique des parties prenantes, en particulier celle des formations politiques concern\u00e9es.<br \/>\n Il est tout aussi essentiel, dans un esprit de l\u00e9galit\u00e9 et de neutralit\u00e9, que le coordinateur ainsi investi de cette haute responsabilit\u00e9, s\u2019abstienne de prendre parti. Ceci est d&#8217;autant plus important lorsque le diff\u00e9rend est  d&#8217;ores et d\u00e9j\u00e0 port\u00e9 devant la justice.<br \/>\nCe principe de stricte neutralit\u00e9 s&#8217;impose encore plus lorsque  l&#8217;on sait qu&#8217; au cours de la r\u00e9union tenue avec le coordinateur, la d\u00e9l\u00e9gation du RFD, qu\u2019il vient de qualifier de \u00ab dissidente \u00bb, lui avait expos\u00e9 en d\u00e9tail son parcours, notamment la tenue r\u00e9guli\u00e8re et conforme de deux congr\u00e8s du parti, ainsi que le d\u00e9roulement et les enjeux de la proc\u00e9dure judiciaire en cours.<br \/>\nUne proc\u00e9dure qui a abouti, dans sa derni\u00e8re \u00e9tape, \u00e0 une d\u00e9cision de la chambre civile ordonnant la suspension de l&#8217;implantation envisag\u00e9e par la partie adverse ; le tribunal ayant jug\u00e9 que le litige reposait sur des fondements suffisamment s\u00e9rieux pour n\u00e9cessiter une instruction au fond en m\u00eame temps qu&#8217;il a ordonn\u00e9 la suspension du  projet d\u2019implantation annonc\u00e9 par la partie \u00e0 laquelle  le coordinateur a attribu\u00e9 sans coup f\u00e9rir le statut ainsi prononc\u00e9 d&#8217; \u00ab officielle et reconnue \u00bb.<br \/>\nD\u00e8s lors, et \u00e0 moins de consid\u00e9rer comme \u00ab officiels \u00bb tous ceux qui soutiennent le pouvoir, et comme \u00ab dissidents \u00bb tous ceux qui s\u2019y opposent, ou de faire fi ouvertement de l\u2019ind\u00e9pendance de la justice, il appartenait, \u00e0 tout le moins, au coordinateur du dialogue de tenir compte de la d\u00e9cision judiciaire .<\/p>\n","protected":false},"excerpt":{"rendered":"<p>Lors d\u2019un entretien accord\u00e9 \u00e0 la presse, le coordinateur du projet de dialogue national, M. Moussa Fall, r\u00e9pondant \u00e0 une question relative \u00e0 la participation au dialogue des partis politiques objet de litige et notamment le cas du Rassemblement des Forces D\u00e9mocratiques (RFD) \u2014 a d\u00e9clar\u00e9 : \u00ab Le parti officiel reconnu a \u00e9t\u00e9 invit\u00e9 &hellip;<\/p>\n","protected":false},"author":2,"featured_media":15034,"comment_status":"open","ping_status":"open","sticky":false,"template":"","format":"standard","meta":{"footnotes":""},"categories":[18,31],"tags":[],"class_list":["post-15033","post","type-post","status-publish","format-standard","has-post-thumbnail","hentry","category-actualites","category-politique-et-reportages"],"_links":{"self":[{"href":"https:\/\/ladepeche.mr\/index.php?rest_route=\/wp\/v2\/posts\/15033","targetHints":{"allow":["GET"]}}],"collection":[{"href":"https:\/\/ladepeche.mr\/index.php?rest_route=\/wp\/v2\/posts"}],"about":[{"href":"https:\/\/ladepeche.mr\/index.php?rest_route=\/wp\/v2\/types\/post"}],"author":[{"embeddable":true,"href":"https:\/\/ladepeche.mr\/index.php?rest_route=\/wp\/v2\/users\/2"}],"replies":[{"embeddable":true,"href":"https:\/\/ladepeche.mr\/index.php?rest_route=%2Fwp%2Fv2%2Fcomments&post=15033"}],"version-history":[{"count":1,"href":"https:\/\/ladepeche.mr\/index.php?rest_route=\/wp\/v2\/posts\/15033\/revisions"}],"predecessor-version":[{"id":15035,"href":"https:\/\/ladepeche.mr\/index.php?rest_route=\/wp\/v2\/posts\/15033\/revisions\/15035"}],"wp:featuredmedia":[{"embeddable":true,"href":"https:\/\/ladepeche.mr\/index.php?rest_route=\/wp\/v2\/media\/15034"}],"wp:attachment":[{"href":"https:\/\/ladepeche.mr\/index.php?rest_route=%2Fwp%2Fv2%2Fmedia&parent=15033"}],"wp:term":[{"taxonomy":"category","embeddable":true,"href":"https:\/\/ladepeche.mr\/index.php?rest_route=%2Fwp%2Fv2%2Fcategories&post=15033"},{"taxonomy":"post_tag","embeddable":true,"href":"https:\/\/ladepeche.mr\/index.php?rest_route=%2Fwp%2Fv2%2Ftags&post=15033"}],"curies":[{"name":"wp","href":"https:\/\/api.w.org\/{rel}","templated":true}]}}