{"id":1504,"date":"2022-08-18T20:13:44","date_gmt":"2022-08-18T20:13:44","guid":{"rendered":"https:\/\/ladepeche.mr\/?p=1504"},"modified":"2022-08-18T20:14:46","modified_gmt":"2022-08-18T20:14:46","slug":"maladies-hivernales-ras-revele-le-directeur-de-la-sante-publique","status":"publish","type":"post","link":"https:\/\/ladepeche.mr\/?p=1504","title":{"rendered":"Maladies hivernales: \u00ab\u00a0R.A.S\u00a0\u00bb r\u00e9v\u00e8le le directeur de la sant\u00e9 publique"},"content":{"rendered":"<p class=\"p1\"><span class=\"s1\">La situation sanitaire en ces premiers temps d\u2019hivernage est normale a assur\u00e9 le directeur de la sant\u00e9 publique, M. Mohamed Mahmoud Ely Mahmoud se fondant sur les analyses de donn\u00e9es sur les quatre derni\u00e8res semaines.<\/span><\/p>\n<p class=\"p1\"><span class=\"s1\">Selon le responsable du minist\u00e8re de la sant\u00e9 le suivi \u00e9pid\u00e9miologique quotidien et les indicateurs pour certaines maladies li\u00e9es \u00e0 la saison hivernale comme les cas diarrh\u00e9iques n\u2019enregistrent, nonobstant la p\u00e9riode, aucune hausse significative des cas notamment \u00e0 Nouakchott.<\/span><\/p>\n<p class=\"p1\"><span class=\"s1\">Le directeur de la sant\u00e9 publique a, par ailleurs, indiqu\u00e9 que toutes les structures publiques ou priv\u00e9es sont mobilis\u00e9es dans le suivi \u00e9pid\u00e9miologique pour permettre aux autorit\u00e9s sanitaires d\u2019anticiper toute existence de foyers pand\u00e9miques.<\/span><\/p>\n<p class=\"p1\"><span class=\"s1\">G\u00e9n\u00e9ralement, en cette p\u00e9riode des pluies certaines pathologies comme les diarrh\u00e9es ou encore les allergies cutan\u00e9es font leur apparition notamment chez les enfants.<\/span><\/p>\n","protected":false},"excerpt":{"rendered":"<p>La situation sanitaire en ces premiers temps d\u2019hivernage est normale a assur\u00e9 le directeur de la sant\u00e9 publique, M. Mohamed Mahmoud Ely Mahmoud se fondant sur les analyses de donn\u00e9es sur les quatre derni\u00e8res semaines. Selon le responsable du minist\u00e8re de la sant\u00e9 le suivi \u00e9pid\u00e9miologique quotidien et les indicateurs pour certaines maladies li\u00e9es \u00e0 &hellip;<\/p>\n","protected":false},"author":2,"featured_media":1505,"comment_status":"open","ping_status":"open","sticky":false,"template":"","format":"standard","meta":{"footnotes":""},"categories":[18,27],"tags":[],"class_list":["post-1504","post","type-post","status-publish","format-standard","has-post-thumbnail","hentry","category-actualites","category-sante"],"_links":{"self":[{"href":"https:\/\/ladepeche.mr\/index.php?rest_route=\/wp\/v2\/posts\/1504","targetHints":{"allow":["GET"]}}],"collection":[{"href":"https:\/\/ladepeche.mr\/index.php?rest_route=\/wp\/v2\/posts"}],"about":[{"href":"https:\/\/ladepeche.mr\/index.php?rest_route=\/wp\/v2\/types\/post"}],"author":[{"embeddable":true,"href":"https:\/\/ladepeche.mr\/index.php?rest_route=\/wp\/v2\/users\/2"}],"replies":[{"embeddable":true,"href":"https:\/\/ladepeche.mr\/index.php?rest_route=%2Fwp%2Fv2%2Fcomments&post=1504"}],"version-history":[{"count":3,"href":"https:\/\/ladepeche.mr\/index.php?rest_route=\/wp\/v2\/posts\/1504\/revisions"}],"predecessor-version":[{"id":1508,"href":"https:\/\/ladepeche.mr\/index.php?rest_route=\/wp\/v2\/posts\/1504\/revisions\/1508"}],"wp:featuredmedia":[{"embeddable":true,"href":"https:\/\/ladepeche.mr\/index.php?rest_route=\/wp\/v2\/media\/1505"}],"wp:attachment":[{"href":"https:\/\/ladepeche.mr\/index.php?rest_route=%2Fwp%2Fv2%2Fmedia&parent=1504"}],"wp:term":[{"taxonomy":"category","embeddable":true,"href":"https:\/\/ladepeche.mr\/index.php?rest_route=%2Fwp%2Fv2%2Fcategories&post=1504"},{"taxonomy":"post_tag","embeddable":true,"href":"https:\/\/ladepeche.mr\/index.php?rest_route=%2Fwp%2Fv2%2Ftags&post=1504"}],"curies":[{"name":"wp","href":"https:\/\/api.w.org\/{rel}","templated":true}]}}