{"id":15049,"date":"2025-04-10T16:22:13","date_gmt":"2025-04-10T16:22:13","guid":{"rendered":"https:\/\/ladepeche.mr\/?p=15049"},"modified":"2025-04-10T21:32:45","modified_gmt":"2025-04-10T21:32:45","slug":"le-ministre-de-leconomie-et-des-finances-preside-la-16e-session-du-conseil-des-ministres-arabes-des-finances-son-excellence-le-ministre-de-leconomie-et-des-finances-m-sidahmed-o","status":"publish","type":"post","link":"https:\/\/ladepeche.mr\/?p=15049","title":{"rendered":"Le ministre de l\u2019\u00c9conomie et des Finances pr\u00e9side la 16e session du Conseil des ministres arabes des Finances"},"content":{"rendered":"<p>Son Excellence le ministre de l\u2019\u00c9conomie et des Finances, M. Sid&#8217;Ahmed Ould Bouh, a pr\u00e9sid\u00e9 ce mercredi \u00e0 Kowe\u00eft City les travaux de la 16e session ordinaire du Conseil des ministres arabes des Finances, tenue en marge des assembl\u00e9es annuelles conjointes des institutions financi\u00e8res arabes.<\/p>\n<p>Au cours de la session, les ministres ont examin\u00e9 les principales \u00e9volutions \u00e9conomiques r\u00e9gionales et mondiales, ainsi que les d\u00e9fis auxquels sont confront\u00e9es les \u00e9conomies des pays arabes. Les \u00e9changes ont \u00e9galement port\u00e9 sur plusieurs sujets majeurs, notamment la gestion de la dette publique, les risques pesant sur les finances publiques, les derni\u00e8res tendances \u00e9conomiques, et les politiques de subvention \u00e9nerg\u00e9tique dans la r\u00e9gion, dans un contexte marqu\u00e9 par une forte incertitude.<\/p>\n<p>Le Conseil s\u2019est \u00e9galement pench\u00e9 sur la question de l\u2019imp\u00f4t minimum mondial et de la fiscalit\u00e9 applicable aux b\u00e9n\u00e9fices des multinationales.<\/p>\n<p>Les travaux ont \u00e9t\u00e9 sanctionn\u00e9s par une d\u00e9claration finale dans laquelle le Conseil a exprim\u00e9 sa reconnaissance aux institutions financi\u00e8res internationales pour les efforts d\u00e9ploy\u00e9s, tout en les exhortant  \u00e0 renforcer les voies de coop\u00e9ration et \u00e0 adapter leurs programmes dans la r\u00e9gion arabe, au regard des conjonctures internationale et r\u00e9gionale actuelles et de leurs r\u00e9percussions \u00e9conomiques, financi\u00e8res et sociales.<\/p>\n<p>Par ailleurs, le Conseil a r\u00e9affirm\u00e9 l\u2019importance d\u2019accro\u00eetre la contribution des institutions financi\u00e8res internationales en faveur des pays arabes, afin de concr\u00e9tiser un d\u00e9veloppement \u00e9conomique inclusif et durable, tout en soulignant la n\u00e9cessit\u00e9 de consolider la coop\u00e9ration avec les institutions arabes.<\/p>\n","protected":false},"excerpt":{"rendered":"<p>Son Excellence le ministre de l\u2019\u00c9conomie et des Finances, M. Sid&#8217;Ahmed Ould Bouh, a pr\u00e9sid\u00e9 ce mercredi \u00e0 Kowe\u00eft City les travaux de la 16e session ordinaire du Conseil des ministres arabes des Finances, tenue en marge des assembl\u00e9es annuelles conjointes des institutions financi\u00e8res arabes. Au cours de la session, les ministres ont examin\u00e9 les &hellip;<\/p>\n","protected":false},"author":2,"featured_media":15050,"comment_status":"open","ping_status":"open","sticky":false,"template":"","format":"standard","meta":{"footnotes":""},"categories":[18,29],"tags":[],"class_list":["post-15049","post","type-post","status-publish","format-standard","has-post-thumbnail","hentry","category-actualites","category-monde"],"_links":{"self":[{"href":"https:\/\/ladepeche.mr\/index.php?rest_route=\/wp\/v2\/posts\/15049","targetHints":{"allow":["GET"]}}],"collection":[{"href":"https:\/\/ladepeche.mr\/index.php?rest_route=\/wp\/v2\/posts"}],"about":[{"href":"https:\/\/ladepeche.mr\/index.php?rest_route=\/wp\/v2\/types\/post"}],"author":[{"embeddable":true,"href":"https:\/\/ladepeche.mr\/index.php?rest_route=\/wp\/v2\/users\/2"}],"replies":[{"embeddable":true,"href":"https:\/\/ladepeche.mr\/index.php?rest_route=%2Fwp%2Fv2%2Fcomments&post=15049"}],"version-history":[{"count":2,"href":"https:\/\/ladepeche.mr\/index.php?rest_route=\/wp\/v2\/posts\/15049\/revisions"}],"predecessor-version":[{"id":15056,"href":"https:\/\/ladepeche.mr\/index.php?rest_route=\/wp\/v2\/posts\/15049\/revisions\/15056"}],"wp:featuredmedia":[{"embeddable":true,"href":"https:\/\/ladepeche.mr\/index.php?rest_route=\/wp\/v2\/media\/15050"}],"wp:attachment":[{"href":"https:\/\/ladepeche.mr\/index.php?rest_route=%2Fwp%2Fv2%2Fmedia&parent=15049"}],"wp:term":[{"taxonomy":"category","embeddable":true,"href":"https:\/\/ladepeche.mr\/index.php?rest_route=%2Fwp%2Fv2%2Fcategories&post=15049"},{"taxonomy":"post_tag","embeddable":true,"href":"https:\/\/ladepeche.mr\/index.php?rest_route=%2Fwp%2Fv2%2Ftags&post=15049"}],"curies":[{"name":"wp","href":"https:\/\/api.w.org\/{rel}","templated":true}]}}