{"id":15052,"date":"2025-04-10T16:39:53","date_gmt":"2025-04-10T16:39:53","guid":{"rendered":"https:\/\/ladepeche.mr\/?p=15052"},"modified":"2025-04-10T16:39:53","modified_gmt":"2025-04-10T16:39:53","slug":"le-ministre-delegue-charge-du-budget-participe-au-forum-regional-africain-sur-le-developpement-durable","status":"publish","type":"post","link":"https:\/\/ladepeche.mr\/?p=15052","title":{"rendered":"Le ministre d\u00e9l\u00e9gu\u00e9 charg\u00e9 du Budget participe au Forum r\u00e9gional africain sur le D\u00e9veloppement durable"},"content":{"rendered":"<p>Son Excellence le ministre d\u00e9l\u00e9gu\u00e9 aupr\u00e8s du ministre de l\u2019\u00c9conomie et des Finances, charg\u00e9 du Budget, M. Codioro Moussa Nguenor, a pris part, ce mercredi \u00e0 Kampala, capitale de l\u2019Ouganda, aux travaux de la 11 \u00e8me session du Forum r\u00e9gional africain sur le d\u00e9veloppement durable.  <\/p>\n<p>Organis\u00e9 sous le th\u00e8me : \u00ab Acc\u00e9l\u00e9rer la cr\u00e9ation d\u2019emplois et la croissance \u00e9conomique gr\u00e2ce \u00e0 des solutions durables, inclusives et fond\u00e9es sur  des donn\u00e9es probantes, pour la r\u00e9alisation de l\u2019Agenda 2030 et de l\u2019Agenda 2063 \u00bb, ce forum vise \u00e0 r\u00e9pondre \u00e0 l\u2019urgence d\u2019une action concert\u00e9e pour atteindre les Objectifs de d\u00e9veloppement durable (ODD) et les ambitions de l\u2019Agenda 2063 de l\u2019Union africaine.  <\/p>\n<p>Plac\u00e9 sous l\u2019\u00e9gide de la Commission \u00e9conomique des Nations Unies pour l\u2019Afrique (CEA) et du gouvernement ougandais, en collaboration avec la Commission de l\u2019Union africaine, la Banque africaine de d\u00e9veloppement (BAD) et diverses agences onusiennes, cet \u00e9v\u00e9nement se poursuivra jusqu\u2019au 11 du mois courant.<\/p>\n","protected":false},"excerpt":{"rendered":"<p>Son Excellence le ministre d\u00e9l\u00e9gu\u00e9 aupr\u00e8s du ministre de l\u2019\u00c9conomie et des Finances, charg\u00e9 du Budget, M. Codioro Moussa Nguenor, a pris part, ce mercredi \u00e0 Kampala, capitale de l\u2019Ouganda, aux travaux de la 11 \u00e8me session du Forum r\u00e9gional africain sur le d\u00e9veloppement durable. Organis\u00e9 sous le th\u00e8me : \u00ab Acc\u00e9l\u00e9rer la cr\u00e9ation d\u2019emplois &hellip;<\/p>\n","protected":false},"author":2,"featured_media":15053,"comment_status":"open","ping_status":"open","sticky":false,"template":"","format":"standard","meta":{"footnotes":""},"categories":[18,2],"tags":[],"class_list":["post-15052","post","type-post","status-publish","format-standard","has-post-thumbnail","hentry","category-actualites","category-economie"],"_links":{"self":[{"href":"https:\/\/ladepeche.mr\/index.php?rest_route=\/wp\/v2\/posts\/15052","targetHints":{"allow":["GET"]}}],"collection":[{"href":"https:\/\/ladepeche.mr\/index.php?rest_route=\/wp\/v2\/posts"}],"about":[{"href":"https:\/\/ladepeche.mr\/index.php?rest_route=\/wp\/v2\/types\/post"}],"author":[{"embeddable":true,"href":"https:\/\/ladepeche.mr\/index.php?rest_route=\/wp\/v2\/users\/2"}],"replies":[{"embeddable":true,"href":"https:\/\/ladepeche.mr\/index.php?rest_route=%2Fwp%2Fv2%2Fcomments&post=15052"}],"version-history":[{"count":1,"href":"https:\/\/ladepeche.mr\/index.php?rest_route=\/wp\/v2\/posts\/15052\/revisions"}],"predecessor-version":[{"id":15054,"href":"https:\/\/ladepeche.mr\/index.php?rest_route=\/wp\/v2\/posts\/15052\/revisions\/15054"}],"wp:featuredmedia":[{"embeddable":true,"href":"https:\/\/ladepeche.mr\/index.php?rest_route=\/wp\/v2\/media\/15053"}],"wp:attachment":[{"href":"https:\/\/ladepeche.mr\/index.php?rest_route=%2Fwp%2Fv2%2Fmedia&parent=15052"}],"wp:term":[{"taxonomy":"category","embeddable":true,"href":"https:\/\/ladepeche.mr\/index.php?rest_route=%2Fwp%2Fv2%2Fcategories&post=15052"},{"taxonomy":"post_tag","embeddable":true,"href":"https:\/\/ladepeche.mr\/index.php?rest_route=%2Fwp%2Fv2%2Ftags&post=15052"}],"curies":[{"name":"wp","href":"https:\/\/api.w.org\/{rel}","templated":true}]}}