{"id":15060,"date":"2025-04-11T13:25:38","date_gmt":"2025-04-11T13:25:38","guid":{"rendered":"https:\/\/ladepeche.mr\/?p=15060"},"modified":"2025-04-11T13:25:38","modified_gmt":"2025-04-11T13:25:38","slug":"le-ministre-de-leconomie-et-des-finances-et-le-gouverneur-de-la-bcm-sentretiennent-avec-le-directeur-general-du-fonds-monetaire-arabe","status":"publish","type":"post","link":"https:\/\/ladepeche.mr\/?p=15060","title":{"rendered":"Le ministre de l&#8217;\u00c9conomie et des Finances et le gouverneur de la BCM s&#8217;entretiennent avec le directeur g\u00e9n\u00e9ral du Fonds mon\u00e9taire arabe"},"content":{"rendered":"<p>Le ministre de l&#8217;\u00c9conomie et des Finances, Son Excellence M. Sid&#8217;Ahmed Ould Bouh, a tenu jeudi, en compagnie du gouverneur de la Banque centrale de Mauritanie, M. Mohamed Lemine Ould Dhehby, une s\u00e9ance de discussions avec Dr Fahd Ben Mohamed Al Turki, directeur g\u00e9n\u00e9ral et pr\u00e9sident du conseil d&#8217;administration du Fonds mon\u00e9taire arabe.<\/p>\n<p>Les \u00e9changes ont port\u00e9 sur les relations de coop\u00e9ration \u00e9conomique et financi\u00e8re entre la Mauritanie et l&#8217;institution, notamment en mati\u00e8re d\u2019assistance technique, d\u2019\u00e9tudes et de conseil, d\u2019emprunts, de soutien budg\u00e9taire, d\u2019appui \u00e0 la balance des paiements, ainsi que de financements, en particulier ceux li\u00e9s aux projets d\u2019investissement.<br \/>\nMEF<\/p>\n","protected":false},"excerpt":{"rendered":"<p>Le ministre de l&#8217;\u00c9conomie et des Finances, Son Excellence M. Sid&#8217;Ahmed Ould Bouh, a tenu jeudi, en compagnie du gouverneur de la Banque centrale de Mauritanie, M. Mohamed Lemine Ould Dhehby, une s\u00e9ance de discussions avec Dr Fahd Ben Mohamed Al Turki, directeur g\u00e9n\u00e9ral et pr\u00e9sident du conseil d&#8217;administration du Fonds mon\u00e9taire arabe. Les \u00e9changes &hellip;<\/p>\n","protected":false},"author":2,"featured_media":15044,"comment_status":"open","ping_status":"open","sticky":false,"template":"","format":"standard","meta":{"footnotes":""},"categories":[18,2],"tags":[],"class_list":["post-15060","post","type-post","status-publish","format-standard","has-post-thumbnail","hentry","category-actualites","category-economie"],"_links":{"self":[{"href":"https:\/\/ladepeche.mr\/index.php?rest_route=\/wp\/v2\/posts\/15060","targetHints":{"allow":["GET"]}}],"collection":[{"href":"https:\/\/ladepeche.mr\/index.php?rest_route=\/wp\/v2\/posts"}],"about":[{"href":"https:\/\/ladepeche.mr\/index.php?rest_route=\/wp\/v2\/types\/post"}],"author":[{"embeddable":true,"href":"https:\/\/ladepeche.mr\/index.php?rest_route=\/wp\/v2\/users\/2"}],"replies":[{"embeddable":true,"href":"https:\/\/ladepeche.mr\/index.php?rest_route=%2Fwp%2Fv2%2Fcomments&post=15060"}],"version-history":[{"count":1,"href":"https:\/\/ladepeche.mr\/index.php?rest_route=\/wp\/v2\/posts\/15060\/revisions"}],"predecessor-version":[{"id":15061,"href":"https:\/\/ladepeche.mr\/index.php?rest_route=\/wp\/v2\/posts\/15060\/revisions\/15061"}],"wp:featuredmedia":[{"embeddable":true,"href":"https:\/\/ladepeche.mr\/index.php?rest_route=\/wp\/v2\/media\/15044"}],"wp:attachment":[{"href":"https:\/\/ladepeche.mr\/index.php?rest_route=%2Fwp%2Fv2%2Fmedia&parent=15060"}],"wp:term":[{"taxonomy":"category","embeddable":true,"href":"https:\/\/ladepeche.mr\/index.php?rest_route=%2Fwp%2Fv2%2Fcategories&post=15060"},{"taxonomy":"post_tag","embeddable":true,"href":"https:\/\/ladepeche.mr\/index.php?rest_route=%2Fwp%2Fv2%2Ftags&post=15060"}],"curies":[{"name":"wp","href":"https:\/\/api.w.org\/{rel}","templated":true}]}}