{"id":15065,"date":"2025-04-11T14:45:50","date_gmt":"2025-04-11T14:45:50","guid":{"rendered":"https:\/\/ladepeche.mr\/?p=15065"},"modified":"2025-04-11T14:45:50","modified_gmt":"2025-04-11T14:45:50","slug":"trump-admet-il-avoir-fait-une-grosse-erreur","status":"publish","type":"post","link":"https:\/\/ladepeche.mr\/?p=15065","title":{"rendered":"Trump admet-il avoir fait une grosse erreur?"},"content":{"rendered":"<p>Apr\u00e8s avoir officiellement mis en pause sa guerre commerciale, Donald Trump a reconnu qu&#8217;il pourrait y avoir des &#8220;probl\u00e8mes de transition&#8221;.<\/p>\n<p>Le pr\u00e9sident am\u00e9ricain a choisi de limiter les droits de douane \u00e0 10% pour la plupart des pays pendant 90 jours, tout en augmentant les taxes contre la Chine, d\u00e9sormais fix\u00e9es \u00e0 125%.<\/p>\n<p>Malgr\u00e9 cette escalade tarifaire, Trump s&#8217;est montr\u00e9 ouvert aux n\u00e9gociations avec P\u00e9kin dans l&#8217;espoir de parvenir \u00e0 un accord qui b\u00e9n\u00e9ficierait aux deux nations.<\/p>\n<p>&#8220;Hier a \u00e9t\u00e9 une journ\u00e9e importante. Il y aura toujours des difficult\u00e9s de transition, mais c&#8217;\u00e9tait le jour le plus important de l&#8217;histoire, celui des march\u00e9s. Nous sommes donc tr\u00e8s satisfaits de la fa\u00e7on dont le pays fonctionne. Nous essayons d&#8217;obtenir un traitement \u00e9quitable de la part du monde&#8221;, a d\u00e9clar\u00e9 Trump depuis la salle du Cabinet.<\/p>\n<p>&#8220;Nous pensons que nous sommes en tr\u00e8s bonne forme. Nous pensons que nous allons tr\u00e8s bien. Encore une fois, la transition aura un co\u00fbt et posera des probl\u00e8mes, mais en fin de compte, \u00e7a sera une bonne chose&#8221; a-t-il ajout\u00e9.<\/p>\n<p>Le locataire de la Maison-Blanche a \u00e9galement f\u00e9licit\u00e9 les membres de son cabinet pour leur travail et pour les n\u00e9gociations men\u00e9es avec les pays concern\u00e9s.<\/p>\n<p>(Manon Pierre avec QG &#8211; Source : CNN &#8211; Image : \u00a9 Unsplash) via msn.com<\/p>\n","protected":false},"excerpt":{"rendered":"<p>Apr\u00e8s avoir officiellement mis en pause sa guerre commerciale, Donald Trump a reconnu qu&#8217;il pourrait y avoir des &#8220;probl\u00e8mes de transition&#8221;. Le pr\u00e9sident am\u00e9ricain a choisi de limiter les droits de douane \u00e0 10% pour la plupart des pays pendant 90 jours, tout en augmentant les taxes contre la Chine, d\u00e9sormais fix\u00e9es \u00e0 125%. Malgr\u00e9 &hellip;<\/p>\n","protected":false},"author":2,"featured_media":15066,"comment_status":"open","ping_status":"open","sticky":false,"template":"","format":"standard","meta":{"footnotes":""},"categories":[18,29],"tags":[],"class_list":["post-15065","post","type-post","status-publish","format-standard","has-post-thumbnail","hentry","category-actualites","category-monde"],"_links":{"self":[{"href":"https:\/\/ladepeche.mr\/index.php?rest_route=\/wp\/v2\/posts\/15065","targetHints":{"allow":["GET"]}}],"collection":[{"href":"https:\/\/ladepeche.mr\/index.php?rest_route=\/wp\/v2\/posts"}],"about":[{"href":"https:\/\/ladepeche.mr\/index.php?rest_route=\/wp\/v2\/types\/post"}],"author":[{"embeddable":true,"href":"https:\/\/ladepeche.mr\/index.php?rest_route=\/wp\/v2\/users\/2"}],"replies":[{"embeddable":true,"href":"https:\/\/ladepeche.mr\/index.php?rest_route=%2Fwp%2Fv2%2Fcomments&post=15065"}],"version-history":[{"count":1,"href":"https:\/\/ladepeche.mr\/index.php?rest_route=\/wp\/v2\/posts\/15065\/revisions"}],"predecessor-version":[{"id":15067,"href":"https:\/\/ladepeche.mr\/index.php?rest_route=\/wp\/v2\/posts\/15065\/revisions\/15067"}],"wp:featuredmedia":[{"embeddable":true,"href":"https:\/\/ladepeche.mr\/index.php?rest_route=\/wp\/v2\/media\/15066"}],"wp:attachment":[{"href":"https:\/\/ladepeche.mr\/index.php?rest_route=%2Fwp%2Fv2%2Fmedia&parent=15065"}],"wp:term":[{"taxonomy":"category","embeddable":true,"href":"https:\/\/ladepeche.mr\/index.php?rest_route=%2Fwp%2Fv2%2Fcategories&post=15065"},{"taxonomy":"post_tag","embeddable":true,"href":"https:\/\/ladepeche.mr\/index.php?rest_route=%2Fwp%2Fv2%2Ftags&post=15065"}],"curies":[{"name":"wp","href":"https:\/\/api.w.org\/{rel}","templated":true}]}}