{"id":15068,"date":"2025-04-11T15:37:04","date_gmt":"2025-04-11T15:37:04","guid":{"rendered":"https:\/\/ladepeche.mr\/?p=15068"},"modified":"2025-04-11T15:37:24","modified_gmt":"2025-04-11T15:37:24","slug":"crise-mali-algerie-le-sahel-a-lepreuve-dune-nouvelle-fracture","status":"publish","type":"post","link":"https:\/\/ladepeche.mr\/?p=15068","title":{"rendered":"Crise Mali \u2013 Alg\u00e9rie : Le Sahel \u00e0 l\u2019\u00e9preuve d\u2019une nouvelle fracture"},"content":{"rendered":"<p>L\u2019incident du 1er avril 2025 entre le Mali et l\u2019Alg\u00e9rie, marqu\u00e9 par la destruction d\u2019un drone malien par les forces alg\u00e9riennes, a plong\u00e9 les deux pays dans une crise diplomatique majeure. L\u2019appareil, immatricul\u00e9 TZ-98D, s\u2019est \u00e9cras\u00e9 \u00e0 Tinzawat\u00e8ne, dans la r\u00e9gion de Kidal, \u00e0 environ 10 kilom\u00e8tres au sud de la fronti\u00e8re. Bamako affirme que le drone n\u2019a jamais quitt\u00e9 son espace a\u00e9rien. Alger soutient au contraire qu\u2019il a viol\u00e9 son territoire sur pr\u00e8s de deux kilom\u00e8tres.<br \/>\nPour Bamako, les donn\u00e9es de vol et l\u2019enregistrement des coordonn\u00e9es confirment que l\u2019appareil a \u00e9t\u00e9 abattu alors qu\u2019il survolait encore le territoire malien, en mission de reconnaissance face \u00e0 une menace terroriste. Trois jours apr\u00e8s les faits, l\u2019Alg\u00e9rie n\u2019avait pas produit les preuves techniques r\u00e9clam\u00e9es. Le gouvernement malien \u00e9voque un acte d\u2019agression pr\u00e9m\u00e9dit\u00e9, soulignant que le drone aurait pu permettre de neutraliser des cibles \u00e0 haut risque. En r\u00e9action, le Mali a convoqu\u00e9 l\u2019ambassadeur d\u2019Alg\u00e9rie \u00e0 Bamako, protest\u00e9 officiellement et pris trois mesures fortes : le retrait imm\u00e9diat du Comit\u00e9 d\u2019\u00c9tat-major Op\u00e9rationnel Conjoint (CEMOC), le d\u00e9p\u00f4t d\u2019une plainte devant les instances internationales et la fermeture de son espace a\u00e9rien \u00e0 tous les vols en provenance ou \u00e0 destination de l\u2019Alg\u00e9rie. Celle-ci avait pris une mesure \u00e9quivalente un peu plus t\u00f4t dans la m\u00eame journ\u00e9e. La Conf\u00e9d\u00e9ration des \u00c9tats du Sahel (AES), regroupant le Mali, le Burkina Faso et le Niger, a exprim\u00e9 son soutien total au Mali. Dans son communiqu\u00e9, le Coll\u00e8ge des Chefs d\u2019\u00c9tat a qualifi\u00e9 la destruction du drone d\u2019attaque contre l\u2019ensemble de l\u2019espace conf\u00e9d\u00e9ral. Il a rappel\u00e9 ses ambassadeurs accr\u00e9dit\u00e9s \u00e0 Alger, d\u00e9non\u00e7ant une tentative de d\u00e9stabilisation. L\u2019Alg\u00e9rie, en retour, a rappel\u00e9 ses ambassadeurs \u00e0 Bamako et Niamey, tout en diff\u00e9rant la prise de fonction de son diplomate \u00e0 Ouagadougou. Ce nouvel \u00e9pisode marque une rupture. Pourtant, en mars dernier,  la prise de fonction de Mohamed Dolo comme  nouvel  ambassadeur du Mali \u00e0 Alger avait \u00e9t\u00e9 per\u00e7ue comme un signal d\u2019apaisement apr\u00e8s plusieurs mois de brouille. Cette tentative de normalisation semble aujourd\u2019hui caduque. Les tensions entre les deux pays ne datent pas d\u2019hier. L\u2019accueil r\u00e9serv\u00e9 \u00e0 l\u2019Imam Dicko en Alg\u00e9rie en 2022 puis les critiques maliennes sur le r\u00f4le d\u2019Alger dans l\u2019Accord de paix de 2015 avaient d\u00e9j\u00e0 fissur\u00e9 la confiance. Le retrait officiel du Mali de cet Accord en janvier 2024 a marqu\u00e9 un tournant. Bamako accuse d\u00e9sormais Alger d\u2019abriter et de soutenir indirectement certains groupes arm\u00e9s, notamment dans le nord du Mali. Le retrait du CEMOC est aussi un symbole fort. Cette structure, bas\u00e9e \u00e0 Tamanrasset et regroupant l\u2019Alg\u00e9rie, le Mali, le Niger et la Mauritanie, visait \u00e0 renforcer la coordination militaire face aux menaces transfrontali\u00e8res. M\u00eame si le CEMOC \u00e9tait peu actif ces derni\u00e8res ann\u00e9es, son abandon traduit une volont\u00e9 de rupture strat\u00e9gique. L\u2019AES semble vouloir red\u00e9finir ses partenariats en mati\u00e8re de s\u00e9curit\u00e9. Au-del\u00e0 du CEMOC, d\u2019autres cadres bilat\u00e9raux sont aujourd\u2019hui en suspens. Des accords de coop\u00e9ration frontali\u00e8re aux \u00e9changes de renseignements, l\u2019ensemble des m\u00e9canismes de coordination pourrait \u00eatre remis en cause. Or la fronti\u00e8re commune de plus de 1 400 kilom\u00e8tres est l\u2019une des plus sensibles de la bande sah\u00e9lo-saharienne. Sans coop\u00e9ration active, la surveillance de cette zone complexe deviendra quasi impossible. Le soutien unanime de l\u2019AES \u00e0 Bamako, avec seul le Niger comme membre du CEMOC, illustre un r\u00e9alignement strat\u00e9gique. Le Niger, bien que n\u2019ayant pas formellement quitt\u00e9 le comit\u00e9, se range du c\u00f4t\u00e9 malien dans cette affaire, ce qui isole davantage Alger dans la r\u00e9gion. Cette crise d\u00e9passe donc le simple diff\u00e9rend technique. Elle traduit l\u2019\u00e9chec d\u2019une m\u00e9diation historique et la mont\u00e9e d\u2019un nouveau p\u00f4le sah\u00e9lien structur\u00e9 autour d\u2019objectifs s\u00e9curitaires communs. Pour Alger, la perte d\u2019influence dans la r\u00e9gion est tangible. Pour le Mali, c\u2019est l\u2019affirmation d\u2019une souverainet\u00e9 sans concession. \u00c0 court terme, les perspectives de d\u00e9sescalade semblent faibles. \u00c0 long terme, la question centrale reste la suivante : une coop\u00e9ration minimale est-elle encore possible entre deux pays li\u00e9s par l\u2019histoire, la g\u00e9ographie et des d\u00e9fis s\u00e9curitaires communs ? Car une rupture totale, dans un environnement r\u00e9gional aussi fragile, risque de cr\u00e9er un vide dont seuls les groupes arm\u00e9s tireront profit.<br \/>\nMassir\u00e9 Diop<br \/>\nhttps:\/\/www.msn.com\/fr-xl\/actualite\/other\/crise-mali-alg%C3%A9rie-le-sahel-%C3%A0-l-%C3%A9preuve-d-une-nouvelle-fracture\/ar-AA1CJOeg?ocid=msedgntp&#038;pc=U531&#038;cvid=94c437305e7e4b1396fc30cfb1a1b51f&#038;ei=19<\/p>\n","protected":false},"excerpt":{"rendered":"<p>L\u2019incident du 1er avril 2025 entre le Mali et l\u2019Alg\u00e9rie, marqu\u00e9 par la destruction d\u2019un drone malien par les forces alg\u00e9riennes, a plong\u00e9 les deux pays dans une crise diplomatique majeure. L\u2019appareil, immatricul\u00e9 TZ-98D, s\u2019est \u00e9cras\u00e9 \u00e0 Tinzawat\u00e8ne, dans la r\u00e9gion de Kidal, \u00e0 environ 10 kilom\u00e8tres au sud de la fronti\u00e8re. Bamako affirme que &hellip;<\/p>\n","protected":false},"author":2,"featured_media":15069,"comment_status":"open","ping_status":"open","sticky":false,"template":"","format":"standard","meta":{"footnotes":""},"categories":[18,29,28],"tags":[],"class_list":["post-15068","post","type-post","status-publish","format-standard","has-post-thumbnail","hentry","category-actualites","category-monde","category-sahel"],"_links":{"self":[{"href":"https:\/\/ladepeche.mr\/index.php?rest_route=\/wp\/v2\/posts\/15068","targetHints":{"allow":["GET"]}}],"collection":[{"href":"https:\/\/ladepeche.mr\/index.php?rest_route=\/wp\/v2\/posts"}],"about":[{"href":"https:\/\/ladepeche.mr\/index.php?rest_route=\/wp\/v2\/types\/post"}],"author":[{"embeddable":true,"href":"https:\/\/ladepeche.mr\/index.php?rest_route=\/wp\/v2\/users\/2"}],"replies":[{"embeddable":true,"href":"https:\/\/ladepeche.mr\/index.php?rest_route=%2Fwp%2Fv2%2Fcomments&post=15068"}],"version-history":[{"count":1,"href":"https:\/\/ladepeche.mr\/index.php?rest_route=\/wp\/v2\/posts\/15068\/revisions"}],"predecessor-version":[{"id":15070,"href":"https:\/\/ladepeche.mr\/index.php?rest_route=\/wp\/v2\/posts\/15068\/revisions\/15070"}],"wp:featuredmedia":[{"embeddable":true,"href":"https:\/\/ladepeche.mr\/index.php?rest_route=\/wp\/v2\/media\/15069"}],"wp:attachment":[{"href":"https:\/\/ladepeche.mr\/index.php?rest_route=%2Fwp%2Fv2%2Fmedia&parent=15068"}],"wp:term":[{"taxonomy":"category","embeddable":true,"href":"https:\/\/ladepeche.mr\/index.php?rest_route=%2Fwp%2Fv2%2Fcategories&post=15068"},{"taxonomy":"post_tag","embeddable":true,"href":"https:\/\/ladepeche.mr\/index.php?rest_route=%2Fwp%2Fv2%2Ftags&post=15068"}],"curies":[{"name":"wp","href":"https:\/\/api.w.org\/{rel}","templated":true}]}}