{"id":15085,"date":"2025-04-12T19:32:47","date_gmt":"2025-04-12T19:32:47","guid":{"rendered":"https:\/\/ladepeche.mr\/?p=15085"},"modified":"2025-04-12T19:32:47","modified_gmt":"2025-04-12T19:32:47","slug":"le-ministere-des-mines-forme-un-comite-mixte-avec-les-orpailleurs-pour-mener-une-operation-de-recensement-et-de-suivi-dans-la-zone-de-temaya","status":"publish","type":"post","link":"https:\/\/ladepeche.mr\/?p=15085","title":{"rendered":"Le minist\u00e8re des mines forme un comit\u00e9 mixte avec les orpailleurs pour mener une op\u00e9ration de recensement et de suivi dans la zone de Temaya"},"content":{"rendered":"<p>Le minist\u00e8re des mines et de l\u2019industrie a annonc\u00e9, vendredi, la formation d\u2019un comit\u00e9 mixte avec les autorit\u00e9s administratives et s\u00e9curitaires et les orpailleurs pour mener une op\u00e9ration de recensement et de suivi dans la \u201czone de Temaya\u201d.<\/p>\n<p>Selon un communiqu\u00e9 du minist\u00e8re des mines dont l\u2019agence mauritanienne d\u2019information a re\u00e7u une copie, le comit\u00e9 comprend, outre les repr\u00e9sentants des autorit\u00e9s administratives et s\u00e9curitaires, un charg\u00e9 de missions du minist\u00e8re des mines et de l\u2019industrie, un repr\u00e9sentant de la direction g\u00e9n\u00e9rale des mines et un repr\u00e9sentant de l\u2019agence Maaden Mauritanie, les prospecteurs ont \u00e9galement d\u00e9l\u00e9gu\u00e9 quatre repr\u00e9sentants \u00e0 cette mission, dans une lettre adress\u00e9e au ministre de l\u2019industrie et des mines M. Thiam Tidjani aujourd\u2019hui, 11 avril 2025, selon le minist\u00e8re des mines.<\/p>\n<p>Demain, samedi 12 avril, la mission conjointe se rendra sur le site du col de Temaya pour commencer ses missions.<\/p>\n<p>Ami<\/p>\n","protected":false},"excerpt":{"rendered":"<p>Le minist\u00e8re des mines et de l\u2019industrie a annonc\u00e9, vendredi, la formation d\u2019un comit\u00e9 mixte avec les autorit\u00e9s administratives et s\u00e9curitaires et les orpailleurs pour mener une op\u00e9ration de recensement et de suivi dans la \u201czone de Temaya\u201d. Selon un communiqu\u00e9 du minist\u00e8re des mines dont l\u2019agence mauritanienne d\u2019information a re\u00e7u une copie, le comit\u00e9 &hellip;<\/p>\n","protected":false},"author":2,"featured_media":3911,"comment_status":"open","ping_status":"open","sticky":false,"template":"","format":"standard","meta":{"footnotes":""},"categories":[18,2],"tags":[],"class_list":["post-15085","post","type-post","status-publish","format-standard","has-post-thumbnail","hentry","category-actualites","category-economie"],"_links":{"self":[{"href":"https:\/\/ladepeche.mr\/index.php?rest_route=\/wp\/v2\/posts\/15085","targetHints":{"allow":["GET"]}}],"collection":[{"href":"https:\/\/ladepeche.mr\/index.php?rest_route=\/wp\/v2\/posts"}],"about":[{"href":"https:\/\/ladepeche.mr\/index.php?rest_route=\/wp\/v2\/types\/post"}],"author":[{"embeddable":true,"href":"https:\/\/ladepeche.mr\/index.php?rest_route=\/wp\/v2\/users\/2"}],"replies":[{"embeddable":true,"href":"https:\/\/ladepeche.mr\/index.php?rest_route=%2Fwp%2Fv2%2Fcomments&post=15085"}],"version-history":[{"count":1,"href":"https:\/\/ladepeche.mr\/index.php?rest_route=\/wp\/v2\/posts\/15085\/revisions"}],"predecessor-version":[{"id":15086,"href":"https:\/\/ladepeche.mr\/index.php?rest_route=\/wp\/v2\/posts\/15085\/revisions\/15086"}],"wp:featuredmedia":[{"embeddable":true,"href":"https:\/\/ladepeche.mr\/index.php?rest_route=\/wp\/v2\/media\/3911"}],"wp:attachment":[{"href":"https:\/\/ladepeche.mr\/index.php?rest_route=%2Fwp%2Fv2%2Fmedia&parent=15085"}],"wp:term":[{"taxonomy":"category","embeddable":true,"href":"https:\/\/ladepeche.mr\/index.php?rest_route=%2Fwp%2Fv2%2Fcategories&post=15085"},{"taxonomy":"post_tag","embeddable":true,"href":"https:\/\/ladepeche.mr\/index.php?rest_route=%2Fwp%2Fv2%2Ftags&post=15085"}],"curies":[{"name":"wp","href":"https:\/\/api.w.org\/{rel}","templated":true}]}}