{"id":15087,"date":"2025-04-12T19:38:09","date_gmt":"2025-04-12T19:38:09","guid":{"rendered":"https:\/\/ladepeche.mr\/?p=15087"},"modified":"2025-04-12T19:38:09","modified_gmt":"2025-04-12T19:38:09","slug":"israel-970-reservistes-de-larmee-renvoyes-apres-avoir-exige-la-fin-de-la-guerre-pour-sauver-les-otages","status":"publish","type":"post","link":"https:\/\/ladepeche.mr\/?p=15087","title":{"rendered":"Isra\u00ebl : 970 r\u00e9servistes de l&#8217;arm\u00e9e renvoy\u00e9s apr\u00e8s avoir exig\u00e9 la fin de la guerre pour sauver les otages"},"content":{"rendered":"<p>Sous une pression croissante de leur commandement, 970 r\u00e9servistes de l\u2019arm\u00e9e isra\u00e9lienne ont rompu le silence pour d\u00e9noncer une guerre sans fin \u00e0 Gaza. Dans une lettre rendue publique le jeudi 10 avril, ces soldats \u2013 certains encore mobilisables, d\u2019autres \u00e0 la retraite \u2013 appellent les autorit\u00e9s \u00e0 privil\u00e9gier le retour des otages, quitte \u00e0 mettre un terme \u00e0 l\u2019offensive contre le Hamas.<\/p>\n<p>L\u2019initiative, largement relay\u00e9e dans les m\u00e9dias isra\u00e9liens, se distingue par l\u2019ampleur du soutien recueilli : 970 signatures. Si ce type de d\u00e9claration n\u2019est pas in\u00e9dit, ce chiffre \u00e9lev\u00e9 a imm\u00e9diatement attir\u00e9 l\u2019attention de l\u2019\u00e9tat-major. Face \u00e0 cette prise de position jug\u00e9e inacceptable, l\u2019arm\u00e9e a r\u00e9agi sans tarder. Tous les signataires encore appelables au service ont \u00e9t\u00e9 imm\u00e9diatement \u00e9cart\u00e9s. \u00ab Avec le plein soutien du chef de l\u2019\u00e9tat-major g\u00e9n\u00e9ral, le Commandant de l\u2019IAF (les forces a\u00e9riennes isra\u00e9liennes, NDLR) a d\u00e9cid\u00e9 que tout r\u00e9serviste actif ayant sign\u00e9 la lettre ne pourrait pas continuer \u00e0 servir \u00bb, a confirm\u00e9 un responsable \u00e0 l\u2019AFP.<\/p>\n<p>Pour ces militaires, le conflit actuel ne r\u00e9pond plus \u00e0 une n\u00e9cessit\u00e9 strat\u00e9gique, mais sert d\u00e9sormais des objectifs \u00ab politiques et personnels \u00bb. Un point de vue partag\u00e9 par plusieurs figures de l\u2019opposition et certains proches d\u2019otages. Le cabinet du Premier ministre Benyamin Netanyahu a r\u00e9agi en qualifiant les signataires d\u2019\u00ab extr\u00e9mistes marginaux\u00bb.<\/p>\n<p>Les auteurs de la lettre r\u00e9futent toutefois toute incitation \u00e0 la d\u00e9sertion. Leur objectif, assurent-ils, est de recentrer les priorit\u00e9s du gouvernement : \u00ab La poursuite de la guerre, affirment-ils, entra\u00eenera la mort des otages, des soldats et des civils innocents \u00bb.<\/p>\n<p>Le contexte de cette prise de position est particuli\u00e8rement sensible. Ces derni\u00e8res semaines, plusieurs r\u00e9servistes avaient d\u00e9j\u00e0 manifest\u00e9 leur refus de retourner \u00e0 Gaza. Dans ce territoire ravag\u00e9 par les combats, des experts de l\u2019ONU ont r\u00e9cemment estim\u00e9 que les actions de l\u2019arm\u00e9e isra\u00e9lienne pourraient relever des \u00ab caract\u00e9ristiques d\u2019un g\u00e9nocide \u00bb. Le mois dernier, deux soldats oppos\u00e9s \u00e0 la reprise des bombardements avaient eux aussi \u00e9t\u00e9 sanctionn\u00e9s par leur hi\u00e9rarchie.<br \/>\nhttps:\/\/www.msn.com\/fr-xl\/actualite\/other\/isra%C3%ABl-970-r%C3%A9servistes-de-l-arm%C3%A9e-renvoy%C3%A9s-apr%C3%A8s-avoir-exig%C3%A9-la-fin-de-la-guerre-pour-sauver-les-otages\/ar-AA1CNwPW?ocid=msedgntp&#038;pc=U531&#038;cvid=d1edbcc7ea3d4cc88b843639eba841d7&#038;ei=10#<\/p>\n","protected":false},"excerpt":{"rendered":"<p>Sous une pression croissante de leur commandement, 970 r\u00e9servistes de l\u2019arm\u00e9e isra\u00e9lienne ont rompu le silence pour d\u00e9noncer une guerre sans fin \u00e0 Gaza. Dans une lettre rendue publique le jeudi 10 avril, ces soldats \u2013 certains encore mobilisables, d\u2019autres \u00e0 la retraite \u2013 appellent les autorit\u00e9s \u00e0 privil\u00e9gier le retour des otages, quitte \u00e0 &hellip;<\/p>\n","protected":false},"author":2,"featured_media":15088,"comment_status":"open","ping_status":"open","sticky":false,"template":"","format":"standard","meta":{"footnotes":""},"categories":[18,29],"tags":[],"class_list":["post-15087","post","type-post","status-publish","format-standard","has-post-thumbnail","hentry","category-actualites","category-monde"],"_links":{"self":[{"href":"https:\/\/ladepeche.mr\/index.php?rest_route=\/wp\/v2\/posts\/15087","targetHints":{"allow":["GET"]}}],"collection":[{"href":"https:\/\/ladepeche.mr\/index.php?rest_route=\/wp\/v2\/posts"}],"about":[{"href":"https:\/\/ladepeche.mr\/index.php?rest_route=\/wp\/v2\/types\/post"}],"author":[{"embeddable":true,"href":"https:\/\/ladepeche.mr\/index.php?rest_route=\/wp\/v2\/users\/2"}],"replies":[{"embeddable":true,"href":"https:\/\/ladepeche.mr\/index.php?rest_route=%2Fwp%2Fv2%2Fcomments&post=15087"}],"version-history":[{"count":1,"href":"https:\/\/ladepeche.mr\/index.php?rest_route=\/wp\/v2\/posts\/15087\/revisions"}],"predecessor-version":[{"id":15089,"href":"https:\/\/ladepeche.mr\/index.php?rest_route=\/wp\/v2\/posts\/15087\/revisions\/15089"}],"wp:featuredmedia":[{"embeddable":true,"href":"https:\/\/ladepeche.mr\/index.php?rest_route=\/wp\/v2\/media\/15088"}],"wp:attachment":[{"href":"https:\/\/ladepeche.mr\/index.php?rest_route=%2Fwp%2Fv2%2Fmedia&parent=15087"}],"wp:term":[{"taxonomy":"category","embeddable":true,"href":"https:\/\/ladepeche.mr\/index.php?rest_route=%2Fwp%2Fv2%2Fcategories&post=15087"},{"taxonomy":"post_tag","embeddable":true,"href":"https:\/\/ladepeche.mr\/index.php?rest_route=%2Fwp%2Fv2%2Ftags&post=15087"}],"curies":[{"name":"wp","href":"https:\/\/api.w.org\/{rel}","templated":true}]}}