{"id":15090,"date":"2025-04-13T19:38:44","date_gmt":"2025-04-13T19:38:44","guid":{"rendered":"https:\/\/ladepeche.mr\/?p=15090"},"modified":"2025-04-13T19:38:44","modified_gmt":"2025-04-13T19:38:44","slug":"elections-au-gabon-brice-oligui-nguema-en-tete-des-resultats-partiels","status":"publish","type":"post","link":"https:\/\/ladepeche.mr\/?p=15090","title":{"rendered":"Elections au Gabon: Brice Oligui Nguema en t\u00eate des r\u00e9sultats partiels"},"content":{"rendered":"<p>Le \u00ab pr\u00e9sident-candidat \u00bb Brice Clotaire Oligui Nguema, le g\u00e9n\u00e9ral \u00e0 l\u2019origine du putsch et qui a quitt\u00e9 l\u2019uniforme pour briguer un mandat de sept ans, caracole en t\u00eate de la premi\u00e8re \u00e9lection pr\u00e9sidentielle depuis le coup d\u2019Etat d\u2019ao\u00fbt 2023 au Gabon, selon des premiers r\u00e9sultats partiels diffus\u00e9s par des m\u00e9dias officiels.<\/p>\n<p>Le pr\u00e9sident de la transition arrive \u00ab largement en t\u00eate \u00bb dans plusieurs provinces du pays, a annonc\u00e9 la t\u00e9l\u00e9vision publique Gabon 24 dimanche matin en indiquant que cette tendance devait encore \u00eatre confirm\u00e9e par le minist\u00e8re de l\u2019Int\u00e9rieur.<\/p>\n<p>Dans la nuit de dimanche \u00e0 samedi, pendant le d\u00e9pouillement, un communiqu\u00e9 officiel a annonc\u00e9 que le ministre de l\u2019Int\u00e9rieur gabonais Hermann Immongault annoncerait les r\u00e9sultats provisoires vers 13H30 (12H30 GMT).<\/p>\n<p>Apr\u00e8s une journ\u00e9e de vote samedi caract\u00e9ris\u00e9e par une forte affluence dans les bureaux de vote, le calme r\u00e9gnait dimanche matin dans les rues quasi-d\u00e9sertes de Libreville, la capitale.<\/p>\n<p>The post Elections au Gabon: Brice Oligui Nguema en t\u00eate des r\u00e9sultats partiels appeared first on Hespress Fran\u00e7ais &#8211; Actualit\u00e9s du Maroc.<br \/>\nhttps:\/\/www.msn.com\/fr-xl\/actualite\/other\/elections-au-gabon-brice-oligui-nguema-en-t%C3%AAte-des-r%C3%A9sultats-partiels\/ar-AA1CPJ1w?ocid=msedgntp&#038;pc=U531&#038;cvid=90204c9361eb413ca906585057ef3553&#038;ei=43<\/p>\n","protected":false},"excerpt":{"rendered":"<p>Le \u00ab pr\u00e9sident-candidat \u00bb Brice Clotaire Oligui Nguema, le g\u00e9n\u00e9ral \u00e0 l\u2019origine du putsch et qui a quitt\u00e9 l\u2019uniforme pour briguer un mandat de sept ans, caracole en t\u00eate de la premi\u00e8re \u00e9lection pr\u00e9sidentielle depuis le coup d\u2019Etat d\u2019ao\u00fbt 2023 au Gabon, selon des premiers r\u00e9sultats partiels diffus\u00e9s par des m\u00e9dias officiels. Le pr\u00e9sident de &hellip;<\/p>\n","protected":false},"author":2,"featured_media":15091,"comment_status":"open","ping_status":"open","sticky":false,"template":"","format":"standard","meta":{"footnotes":""},"categories":[18,29],"tags":[],"class_list":["post-15090","post","type-post","status-publish","format-standard","has-post-thumbnail","hentry","category-actualites","category-monde"],"_links":{"self":[{"href":"https:\/\/ladepeche.mr\/index.php?rest_route=\/wp\/v2\/posts\/15090","targetHints":{"allow":["GET"]}}],"collection":[{"href":"https:\/\/ladepeche.mr\/index.php?rest_route=\/wp\/v2\/posts"}],"about":[{"href":"https:\/\/ladepeche.mr\/index.php?rest_route=\/wp\/v2\/types\/post"}],"author":[{"embeddable":true,"href":"https:\/\/ladepeche.mr\/index.php?rest_route=\/wp\/v2\/users\/2"}],"replies":[{"embeddable":true,"href":"https:\/\/ladepeche.mr\/index.php?rest_route=%2Fwp%2Fv2%2Fcomments&post=15090"}],"version-history":[{"count":1,"href":"https:\/\/ladepeche.mr\/index.php?rest_route=\/wp\/v2\/posts\/15090\/revisions"}],"predecessor-version":[{"id":15092,"href":"https:\/\/ladepeche.mr\/index.php?rest_route=\/wp\/v2\/posts\/15090\/revisions\/15092"}],"wp:featuredmedia":[{"embeddable":true,"href":"https:\/\/ladepeche.mr\/index.php?rest_route=\/wp\/v2\/media\/15091"}],"wp:attachment":[{"href":"https:\/\/ladepeche.mr\/index.php?rest_route=%2Fwp%2Fv2%2Fmedia&parent=15090"}],"wp:term":[{"taxonomy":"category","embeddable":true,"href":"https:\/\/ladepeche.mr\/index.php?rest_route=%2Fwp%2Fv2%2Fcategories&post=15090"},{"taxonomy":"post_tag","embeddable":true,"href":"https:\/\/ladepeche.mr\/index.php?rest_route=%2Fwp%2Fv2%2Ftags&post=15090"}],"curies":[{"name":"wp","href":"https:\/\/api.w.org\/{rel}","templated":true}]}}