{"id":15093,"date":"2025-04-13T20:15:02","date_gmt":"2025-04-13T20:15:02","guid":{"rendered":"https:\/\/ladepeche.mr\/?p=15093"},"modified":"2025-04-13T20:18:42","modified_gmt":"2025-04-13T20:18:42","slug":"trafic-de-migrants-117-personnes-arretees-et-12-embarcations-saisies","status":"publish","type":"post","link":"https:\/\/ladepeche.mr\/?p=15093","title":{"rendered":"Trafic de migrants : 117 personnes arr\u00eat\u00e9es et 12 embarcations saisies (Gendarmerie)"},"content":{"rendered":"<p>La gendarmerie nationale fait \u00e9tat, dans un communiqu\u00e9 rendu public, de l\u2019arrestation de 117 personnes impliqu\u00e9es dans le trafic de migrants ainsi que la saisie de 12 embarcations de p\u00eache devant servir au transport des migrants par voie maritime.<br \/>\nLes personnes arr\u00eat\u00e9es sont soup\u00e7onn\u00e9es \u00eatre des \u00ab membres dirigeants de ces r\u00e9seaux, ainsi que des passeurs et des complices fournissant un abri et un soutien logistique \u00bb \u00e0 ces op\u00e9rations de trafic de migrants.<br \/>\nCe serait l&#8217;arrestation en mars dernier d&#8217;un v\u00e9hicule de la sant\u00e9 bond\u00e9 de migrants qui aurait permis permis \u00e0 la gendarmerie de remonter cette fili\u00e8re bien implant\u00e9e \u00e0 Nouakchott.<br \/>\nL\u2019op\u00e9ration de d\u00e9mant\u00e8lement des r\u00e9seaux de trafic de migrants, entam\u00e9e par la gendarmerie depuis quelques jours, a concern\u00e9 plusieurs dizaines de gites utilis\u00e9s par les trafiquants \u00e0 Nouakchott. Une cinquante de sites clairsem\u00e9s entre diff\u00e9rents quartiers de la capitale servaient ainsi de QG op\u00e9ratoires pour ces gangs compos\u00e9s de nationaux et d\u2019\u00e9trangers.<br \/>\nLa gendarmerie situe cette op\u00e9ration dans  \u00able cadre des efforts continus des unit\u00e9s de la Gendarmerie nationale pour lutter contre le crime organis\u00e9, et dans le cadre d\u2019une vaste campagne de s\u00e9curit\u00e9 ciblant les r\u00e9seaux de trafic de migrants et de traite des \u00eatres humains \u00bb.<br \/>\nCes op\u00e9rations de s\u00e9curit\u00e9 m\u00e9ticuleuses ont permis le d\u00e9mant\u00e8lement de plusieurs r\u00e9seaux actifs dans le trafic de migrants \u00e0 travers le territoire national vers les c\u00f4tes europ\u00e9ennes, o\u00f9 117 personnes ont \u00e9t\u00e9 arr\u00eat\u00e9es, dont des membres dirigeants de ces r\u00e9seaux, ainsi que des passeurs et des complices fournissant un abri et un soutien logistique.<br \/>\nParmi les r\u00e9sultats les plus notables obtenus, on peut citer le succ\u00e8s de la gendarmerie nationale dans le d\u00e9mant\u00e8lement du plus grand r\u00e9seau de trafic de migrants au niveau national, o\u00f9 le chef du r\u00e9seau, tous ses membres actifs et leurs principaux partenaires ont \u00e9t\u00e9 arr\u00eat\u00e9s.<br \/>\nA noter que la Mauritanie a engag\u00e9 une campagne de refoulement de citoyens \u00e9trangers en situation irr\u00e9guli\u00e8res dans le pays dans ses efforts visant \u00e0 \u00ab lutter contre toutes les formes de migration irr\u00e9guli\u00e8re et (pour) endiguer les activit\u00e9s des r\u00e9seaux criminels transnationaux \u00bb note le communiqu\u00e9 de la gendarmerie.<\/p>\n","protected":false},"excerpt":{"rendered":"<p>La gendarmerie nationale fait \u00e9tat, dans un communiqu\u00e9 rendu public, de l\u2019arrestation de 117 personnes impliqu\u00e9es dans le trafic de migrants ainsi que la saisie de 12 embarcations de p\u00eache devant servir au transport des migrants par voie maritime. Les personnes arr\u00eat\u00e9es sont soup\u00e7onn\u00e9es \u00eatre des \u00ab membres dirigeants de ces r\u00e9seaux, ainsi que des &hellip;<\/p>\n","protected":false},"author":2,"featured_media":15094,"comment_status":"open","ping_status":"open","sticky":false,"template":"","format":"standard","meta":{"footnotes":""},"categories":[18],"tags":[],"class_list":["post-15093","post","type-post","status-publish","format-standard","has-post-thumbnail","hentry","category-actualites"],"_links":{"self":[{"href":"https:\/\/ladepeche.mr\/index.php?rest_route=\/wp\/v2\/posts\/15093","targetHints":{"allow":["GET"]}}],"collection":[{"href":"https:\/\/ladepeche.mr\/index.php?rest_route=\/wp\/v2\/posts"}],"about":[{"href":"https:\/\/ladepeche.mr\/index.php?rest_route=\/wp\/v2\/types\/post"}],"author":[{"embeddable":true,"href":"https:\/\/ladepeche.mr\/index.php?rest_route=\/wp\/v2\/users\/2"}],"replies":[{"embeddable":true,"href":"https:\/\/ladepeche.mr\/index.php?rest_route=%2Fwp%2Fv2%2Fcomments&post=15093"}],"version-history":[{"count":4,"href":"https:\/\/ladepeche.mr\/index.php?rest_route=\/wp\/v2\/posts\/15093\/revisions"}],"predecessor-version":[{"id":15098,"href":"https:\/\/ladepeche.mr\/index.php?rest_route=\/wp\/v2\/posts\/15093\/revisions\/15098"}],"wp:featuredmedia":[{"embeddable":true,"href":"https:\/\/ladepeche.mr\/index.php?rest_route=\/wp\/v2\/media\/15094"}],"wp:attachment":[{"href":"https:\/\/ladepeche.mr\/index.php?rest_route=%2Fwp%2Fv2%2Fmedia&parent=15093"}],"wp:term":[{"taxonomy":"category","embeddable":true,"href":"https:\/\/ladepeche.mr\/index.php?rest_route=%2Fwp%2Fv2%2Fcategories&post=15093"},{"taxonomy":"post_tag","embeddable":true,"href":"https:\/\/ladepeche.mr\/index.php?rest_route=%2Fwp%2Fv2%2Ftags&post=15093"}],"curies":[{"name":"wp","href":"https:\/\/api.w.org\/{rel}","templated":true}]}}