{"id":1510,"date":"2022-08-22T12:00:30","date_gmt":"2022-08-22T12:00:30","guid":{"rendered":"https:\/\/ladepeche.mr\/?p=1510"},"modified":"2022-08-22T12:10:56","modified_gmt":"2022-08-22T12:10:56","slug":"ghazouani-a-dar-es-salam-un-tresor-est-cache-dedans","status":"publish","type":"post","link":"https:\/\/ladepeche.mr\/?p=1510","title":{"rendered":"Ghazouani \u00e0 Dar Es-Salam: \u00abUn tr\u00e9sor est cach\u00e9 dedans\u00a0\u00bb"},"content":{"rendered":"<p>Le pr\u00e9sident de la R\u00e9publique a repris son b\u00e2ton de p\u00e8lerin, apr\u00e8s le lancement de la campagne agricole \u00e0 partir de Boumdeid, pour pr\u00eacher encore le travail de la terre. Le discours du pr\u00e9sident rappelle quelque part, la fable de Jean de la Fontaine \u00abLe laboureur est ses enfants \u00bb. \u00ab Creusez, fouiller, b\u00eachez ; ne laissez nulle place. O\u00f9 la main ne passe et repasse. \u00bb. Et pour cause, le pr\u00e9sident sait que la v\u00e9ritable ind\u00e9pendance passe par notre ind\u00e9pendance alimentaire longtemps laiss\u00e9e en jach\u00e8re par les pr\u00e9c\u00e9dents r\u00e9gimes et soumises aux al\u00e9as de l\u2019insouciance de la mauvaise gouvernance et gestion publiques.<\/p>\n<p>Lors de la visite dans la ferme de Dar Es-Salam, le pr\u00e9sident Ghazouani a mis la main \u00e0 la p\u00e2te donnant \u00e0 la fois un coup de main mais aussi un symbole fort sur le terrain de l\u2019importance du travail de la terre. Une profession de foi? Il a, en tout cas, martel\u00e9, \u00e0 qui veut l\u2019entendre, que \u00a0l\u2019Etat \u00e9tait pr\u00eat \u00e0 \u00abconstruire davantage de barrages, \u00e0 former les ressources humaines et \u00e0 mettre \u00e0 disposition des paysans les \u00e9quipements, grillages et intrants agricoles \u00bb pour accroitre la productivit\u00e9 agricole notamment en ce qui concerne les cultures saisonni\u00e8res \u00bb dont les rendements quoiqu\u2019importants ont \u00e9t\u00e9 n\u00e9glig\u00e9s en d\u00e9pit de l\u2019existence de nombreux barrages et de vastes superficies arables.<br \/>\nDans son adresse aux paysans, le pr\u00e9sident a exhort\u00e9 \u00e0 tirer profit de l\u2019excellente pluviom\u00e9trie enregistr\u00e9e pour d\u00e9cupler le travail de la terre et ainsi permettre la satisfaction des besoins alimentaires locaux, la \u00abcr\u00e9ation d\u2019opportunit\u00e9s d\u2019emplois\u00a0\u00bb et l\u2019approvisionnement gr\u00e2ce au surplus de production des grands centres urbains.<\/p>\n<p>Le pr\u00e9sident enfin appel\u00e9 les autorit\u00e9s administratives \u00ab\u00e0 \u0153uvrer \u00e0 la r\u00e9solution des litiges fonciers\u00a0\u00bb qui freinent une exploitation maximale des ressources naturelles du pays.<\/p>\n","protected":false},"excerpt":{"rendered":"<p>Le pr\u00e9sident de la R\u00e9publique a repris son b\u00e2ton de p\u00e8lerin, apr\u00e8s le lancement de la campagne agricole \u00e0 partir de Boumdeid, pour pr\u00eacher encore le travail de la terre. Le discours du pr\u00e9sident rappelle quelque part, la fable de Jean de la Fontaine \u00abLe laboureur est ses enfants \u00bb. \u00ab Creusez, fouiller, b\u00eachez ; &hellip;<\/p>\n","protected":false},"author":2,"featured_media":1511,"comment_status":"open","ping_status":"open","sticky":false,"template":"","format":"standard","meta":{"footnotes":""},"categories":[18,2],"tags":[],"class_list":["post-1510","post","type-post","status-publish","format-standard","has-post-thumbnail","hentry","category-actualites","category-economie"],"_links":{"self":[{"href":"https:\/\/ladepeche.mr\/index.php?rest_route=\/wp\/v2\/posts\/1510","targetHints":{"allow":["GET"]}}],"collection":[{"href":"https:\/\/ladepeche.mr\/index.php?rest_route=\/wp\/v2\/posts"}],"about":[{"href":"https:\/\/ladepeche.mr\/index.php?rest_route=\/wp\/v2\/types\/post"}],"author":[{"embeddable":true,"href":"https:\/\/ladepeche.mr\/index.php?rest_route=\/wp\/v2\/users\/2"}],"replies":[{"embeddable":true,"href":"https:\/\/ladepeche.mr\/index.php?rest_route=%2Fwp%2Fv2%2Fcomments&post=1510"}],"version-history":[{"count":3,"href":"https:\/\/ladepeche.mr\/index.php?rest_route=\/wp\/v2\/posts\/1510\/revisions"}],"predecessor-version":[{"id":1514,"href":"https:\/\/ladepeche.mr\/index.php?rest_route=\/wp\/v2\/posts\/1510\/revisions\/1514"}],"wp:featuredmedia":[{"embeddable":true,"href":"https:\/\/ladepeche.mr\/index.php?rest_route=\/wp\/v2\/media\/1511"}],"wp:attachment":[{"href":"https:\/\/ladepeche.mr\/index.php?rest_route=%2Fwp%2Fv2%2Fmedia&parent=1510"}],"wp:term":[{"taxonomy":"category","embeddable":true,"href":"https:\/\/ladepeche.mr\/index.php?rest_route=%2Fwp%2Fv2%2Fcategories&post=1510"},{"taxonomy":"post_tag","embeddable":true,"href":"https:\/\/ladepeche.mr\/index.php?rest_route=%2Fwp%2Fv2%2Ftags&post=1510"}],"curies":[{"name":"wp","href":"https:\/\/api.w.org\/{rel}","templated":true}]}}