{"id":15106,"date":"2025-04-15T13:45:22","date_gmt":"2025-04-15T13:45:22","guid":{"rendered":"https:\/\/ladepeche.mr\/?p=15106"},"modified":"2025-04-15T13:46:01","modified_gmt":"2025-04-15T13:46:01","slug":"cooperation-le-ministre-des-finances-a-paris-et-tokyo","status":"publish","type":"post","link":"https:\/\/ladepeche.mr\/?p=15106","title":{"rendered":"Coop\u00e9ration: Le ministre de l&#8217;\u00e9conomie \u00e0 Paris et Tokyo"},"content":{"rendered":"<p>Le ministre de l&#8217;\u00c9conomie et des Finances, Sid&#8217;Ahmed Ould Bouh, a repris son b\u00e2ton de p\u00e8lerin pour se rendre \u00e0 Paris o\u00f9 il s&#8217;est rendu mardi soir pour une visite de travail au cours de laquelle il devrait s&#8217;entretenir avec son homologue fran\u00e7ais du renforcement et du d\u00e9veloppement des relations de coop\u00e9ration bilat\u00e9rales.<br \/>\nSelon le bureau de presse du d\u00e9partement, le ministre devrait, \u00e0 l&#8217;issue de son s\u00e9jour fran\u00e7ais, s&#8217;envoler pour Tokyo pour une mission similaire dans le Pays du Soleil Levant. Il devrait y rencontrer \u00e9galement rencontr\u00e9 son vis-\u00e0-vis nippon en vue de rehausser la coop\u00e9ration entre les deux pays.<br \/>\nA noter que le ministre de l&#8217;\u00e9conomie et des finances a entrepris depuis quelques mois maintenant des tourn\u00e9es chez des partenaires, asiatiques et europ\u00e9ens, pour la mobilisation de nouveaux investissements en faveur de notre pays. <\/p>\n","protected":false},"excerpt":{"rendered":"<p>Le ministre de l&#8217;\u00c9conomie et des Finances, Sid&#8217;Ahmed Ould Bouh, a repris son b\u00e2ton de p\u00e8lerin pour se rendre \u00e0 Paris o\u00f9 il s&#8217;est rendu mardi soir pour une visite de travail au cours de laquelle il devrait s&#8217;entretenir avec son homologue fran\u00e7ais du renforcement et du d\u00e9veloppement des relations de coop\u00e9ration bilat\u00e9rales. Selon le &hellip;<\/p>\n","protected":false},"author":2,"featured_media":10899,"comment_status":"open","ping_status":"open","sticky":false,"template":"","format":"standard","meta":{"footnotes":""},"categories":[18,2],"tags":[],"class_list":["post-15106","post","type-post","status-publish","format-standard","has-post-thumbnail","hentry","category-actualites","category-economie"],"_links":{"self":[{"href":"https:\/\/ladepeche.mr\/index.php?rest_route=\/wp\/v2\/posts\/15106","targetHints":{"allow":["GET"]}}],"collection":[{"href":"https:\/\/ladepeche.mr\/index.php?rest_route=\/wp\/v2\/posts"}],"about":[{"href":"https:\/\/ladepeche.mr\/index.php?rest_route=\/wp\/v2\/types\/post"}],"author":[{"embeddable":true,"href":"https:\/\/ladepeche.mr\/index.php?rest_route=\/wp\/v2\/users\/2"}],"replies":[{"embeddable":true,"href":"https:\/\/ladepeche.mr\/index.php?rest_route=%2Fwp%2Fv2%2Fcomments&post=15106"}],"version-history":[{"count":2,"href":"https:\/\/ladepeche.mr\/index.php?rest_route=\/wp\/v2\/posts\/15106\/revisions"}],"predecessor-version":[{"id":15108,"href":"https:\/\/ladepeche.mr\/index.php?rest_route=\/wp\/v2\/posts\/15106\/revisions\/15108"}],"wp:featuredmedia":[{"embeddable":true,"href":"https:\/\/ladepeche.mr\/index.php?rest_route=\/wp\/v2\/media\/10899"}],"wp:attachment":[{"href":"https:\/\/ladepeche.mr\/index.php?rest_route=%2Fwp%2Fv2%2Fmedia&parent=15106"}],"wp:term":[{"taxonomy":"category","embeddable":true,"href":"https:\/\/ladepeche.mr\/index.php?rest_route=%2Fwp%2Fv2%2Fcategories&post=15106"},{"taxonomy":"post_tag","embeddable":true,"href":"https:\/\/ladepeche.mr\/index.php?rest_route=%2Fwp%2Fv2%2Ftags&post=15106"}],"curies":[{"name":"wp","href":"https:\/\/api.w.org\/{rel}","templated":true}]}}