{"id":15112,"date":"2025-04-16T10:55:48","date_gmt":"2025-04-16T10:55:48","guid":{"rendered":"https:\/\/ladepeche.mr\/?p=15112"},"modified":"2025-04-16T10:55:48","modified_gmt":"2025-04-16T10:55:48","slug":"nouakchott-accueillera-la-deuxieme-edition-de-mauritanie-expo","status":"publish","type":"post","link":"https:\/\/ladepeche.mr\/?p=15112","title":{"rendered":"Nouakchott accueillera la deuxi\u00e8me \u00e9dition de Mauritanie- Expo"},"content":{"rendered":"<p>La capitale Nouakchott abritera jeudi la deuxi\u00e8me \u00e9dition de Mauritanie- Expo, sous le patronage du Pr\u00e9sident de la R\u00e9publique Mohamed Ould Cheikh El Ghazouani.<\/p>\n<p>L\u2019exposition, un des \u00e9v\u00e9nements \u00e9conomiques les plus importants du pays \u00e0 l\u2019horizon 2025, vise \u00e0 renforcer le r\u00f4le du secteur priv\u00e9 en tant que pilier du d\u00e9veloppement national, \u00e0 encourager l\u2019esprit d\u2019entreprise et \u00e0 ouvrir la voie aux investisseurs pour explorer des projets prometteurs dans divers domaines.<\/p>\n<p>Mauritanie- Expo, qui se d\u00e9roulera au stade olympique, est une plateforme de premier plan pour l\u2019\u00e9change, l\u2019innovation et les opportunit\u00e9s d\u2019affaires en Mauritanie.<\/p>\n<p>Elle s\u2019appuie \u00e0 cet \u00e9gard sur le succ\u00e8s de la premi\u00e8re \u00e9dition en 2024 avec des expositions interactives pr\u00e9sentant les d\u00e9veloppements et les opportunit\u00e9s dans des secteurs vitaux tels que l\u2019agriculture, la p\u00eache, l\u2019industrie et les services.<\/p>\n<p>Mauritanie- Expo comprendra \u00e9galement des sessions interentreprises (B2B) et des opportunit\u00e9s de r\u00e9seautage professionnel entre entrepreneurs et investisseurs locaux et internationaux, ouvrant ainsi de nouveaux horizons pour les partenariats \u00e9conomiques.<br \/>\nAmi<\/p>\n","protected":false},"excerpt":{"rendered":"<p>La capitale Nouakchott abritera jeudi la deuxi\u00e8me \u00e9dition de Mauritanie- Expo, sous le patronage du Pr\u00e9sident de la R\u00e9publique Mohamed Ould Cheikh El Ghazouani. L\u2019exposition, un des \u00e9v\u00e9nements \u00e9conomiques les plus importants du pays \u00e0 l\u2019horizon 2025, vise \u00e0 renforcer le r\u00f4le du secteur priv\u00e9 en tant que pilier du d\u00e9veloppement national, \u00e0 encourager l\u2019esprit &hellip;<\/p>\n","protected":false},"author":2,"featured_media":15113,"comment_status":"open","ping_status":"open","sticky":false,"template":"","format":"standard","meta":{"footnotes":""},"categories":[18,2],"tags":[],"class_list":["post-15112","post","type-post","status-publish","format-standard","has-post-thumbnail","hentry","category-actualites","category-economie"],"_links":{"self":[{"href":"https:\/\/ladepeche.mr\/index.php?rest_route=\/wp\/v2\/posts\/15112","targetHints":{"allow":["GET"]}}],"collection":[{"href":"https:\/\/ladepeche.mr\/index.php?rest_route=\/wp\/v2\/posts"}],"about":[{"href":"https:\/\/ladepeche.mr\/index.php?rest_route=\/wp\/v2\/types\/post"}],"author":[{"embeddable":true,"href":"https:\/\/ladepeche.mr\/index.php?rest_route=\/wp\/v2\/users\/2"}],"replies":[{"embeddable":true,"href":"https:\/\/ladepeche.mr\/index.php?rest_route=%2Fwp%2Fv2%2Fcomments&post=15112"}],"version-history":[{"count":1,"href":"https:\/\/ladepeche.mr\/index.php?rest_route=\/wp\/v2\/posts\/15112\/revisions"}],"predecessor-version":[{"id":15114,"href":"https:\/\/ladepeche.mr\/index.php?rest_route=\/wp\/v2\/posts\/15112\/revisions\/15114"}],"wp:featuredmedia":[{"embeddable":true,"href":"https:\/\/ladepeche.mr\/index.php?rest_route=\/wp\/v2\/media\/15113"}],"wp:attachment":[{"href":"https:\/\/ladepeche.mr\/index.php?rest_route=%2Fwp%2Fv2%2Fmedia&parent=15112"}],"wp:term":[{"taxonomy":"category","embeddable":true,"href":"https:\/\/ladepeche.mr\/index.php?rest_route=%2Fwp%2Fv2%2Fcategories&post=15112"},{"taxonomy":"post_tag","embeddable":true,"href":"https:\/\/ladepeche.mr\/index.php?rest_route=%2Fwp%2Fv2%2Ftags&post=15112"}],"curies":[{"name":"wp","href":"https:\/\/api.w.org\/{rel}","templated":true}]}}