{"id":15123,"date":"2025-04-16T11:57:39","date_gmt":"2025-04-16T11:57:39","guid":{"rendered":"https:\/\/ladepeche.mr\/?p=15123"},"modified":"2025-04-16T11:57:39","modified_gmt":"2025-04-16T11:57:39","slug":"france-algerie-paris-annonce-lexpulsion-de-douze-diplomates-et-rappelle-son-ambassadeur","status":"publish","type":"post","link":"https:\/\/ladepeche.mr\/?p=15123","title":{"rendered":"France-Alg\u00e9rie: Paris annonce l&#8217;expulsion de douze diplomates et rappelle son ambassadeur"},"content":{"rendered":"<p>Emmanuel Macron a annonc\u00e9 ce mardi 15 avril sa d\u00e9cision d&#8217;expulser douze agents \u00ab servant dans le r\u00e9seau consulaire et diplomatique alg\u00e9rien en France \u00bb, en repr\u00e9sailles \u00e0 des expulsions similaires d\u00e9cid\u00e9es par Alger, et de rappeler l&#8217;ambassadeur fran\u00e7ais \u00e0 Alger \u00ab pour consultations \u00bb.<\/p>\n<p>La r\u00e9ponse de Paris \u00e0 Alger n&#8217;aura pas tard\u00e9. Vingt-quatre heures apr\u00e8s avoir annonc\u00e9 l&#8217;expulsion de douze agents diplomatiques fran\u00e7ais d&#8217;Alg\u00e9rie, les autorit\u00e9s fran\u00e7aises ont d\u00e9cid\u00e9 de rendre la pareille. Dans un communiqu\u00e9 publi\u00e9 ce mardi, Emmanuel Macron indique que la France \u00ab proc\u00e9dera sym\u00e9triquement \u00e0 l\u2019expulsion de douze agents servant dans le r\u00e9seau consulaire et diplomatique alg\u00e9rien \u00bb. L&#8217;\u00c9lys\u00e9e annonce \u00e9galement avoir d\u00e9cid\u00e9 de rappeler l&#8217;ambassadeur de France \u00e0 Alger, St\u00e9phane Romatet, \u00ab pour consultations \u00bb. <\/p>\n<p>\u00ab Les autorit\u00e9s alg\u00e9riennes prennent la responsabilit\u00e9 d\u2019une d\u00e9gradation brutale de nos relations bilat\u00e9rales \u00bb, \u00e9crit le chef de l&#8217;\u00c9tat fran\u00e7ais, qui rappelle \u00ab l&#8217;int\u00e9r\u00eat \u00bb pour les deux pays de reprendre le dialogue engag\u00e9 le 31 mars dernier. Dans son communiqu\u00e9, l&#8217;\u00c9lys\u00e9e exprime sa \u00ab consternation \u00bb apr\u00e8s ce nouveau brusque coup de froid qui intervient quinze jours seulement apr\u00e8s un appel entre le pr\u00e9sident Macron et son homologue alg\u00e9rien Abdelmadjid Tebboune, cens\u00e9 relancer les relations apr\u00e8s des mois de crise.<\/p>\n<p>Huit mois de crise diplomatique<br \/>\nLe rappel par la France de son ambassadeur \u00e0 Alger et l&#8217;expulsion de 12 diplomates alg\u00e9riens en poste \u00e0 Paris annonc\u00e9 mardi 15 avril est le dernier \u00e9pisode en date d&#8217;une relation qui s&#8217;est de nouveau tendue entre les deux pays il y a huit mois, lorsqu&#8217;Emmanuel Macron a apport\u00e9 son soutien au plan d&#8217;autonomie marocain pour le Sahara occidental. \u00e0 l&#8217;\u00e9poque, C&#8217;est Alger &#8211; farouchement oppos\u00e9 \u00e0 cette perspective &#8211; qui avait alors rappel\u00e9 son ambassadeur \u00e0 Paris.<\/p>\n<p>Mais ces derniers mois, la crise entre la France et l&#8217;Alg\u00e9rie s&#8217;est \u00e9galement nou\u00e9e autour de l&#8217;arrestation dans l&#8217;Hexagone de plusieurs influenceurs d&#8217;origine alg\u00e9rienne pour apologie de la violence sur les r\u00e9seaux sociaux, ainsi que sur le refus par Alger d&#8217;accueillir plusieurs de ses ressortissants sous le coup d&#8217;une obligation de quitter le territoire fran\u00e7ais (OQTF). <\/p>\n<p>Reste aussi, bien s\u00fbr, l&#8217;arrestation \u00e0 la mi-novembre de l&#8217;\u00e9crivain franco-alg\u00e9rien Boualem Sansal condamn\u00e9 par la suite \u00e0 cinq ans de prison par la justice alg\u00e9rienne et dont Paris continue \u00e0  demander la lib\u00e9ration.<\/p>\n<p>Si, il y a dix jours, un appel t\u00e9l\u00e9phonique entre Emmanuel Macron et Abdelmadjid Tebboune &#8211; suivi d&#8217;une visite officielle \u00e0 Alger du ministre fran\u00e7ais des Affaires \u00e9trang\u00e8res, Jean Noel Barrot &#8211; avait amorc\u00e9 un d\u00e9but de normalisation, celui-ci para\u00eet aujourd&#8217;hui d\u00e9j\u00e0 bien loin.<\/p>\n<p>Ce nouveau raidissement fait suite \u00e0 l&#8217;arrestation de trois ressortissants alg\u00e9riens, dont un employ\u00e9 consulaire, soup\u00e7onn\u00e9s d&#8217;\u00eatre impliqu\u00e9s dans l&#8217;enl\u00e8vement sur le sol fran\u00e7ais de l&#8217;influenceur et opposant alg\u00e9rien Amir Boukhors, il y a un an. Les trois ressortissants ont \u00e9t\u00e9 mis en examen le 11 avril pour arrestation, enl\u00e8vement, s\u00e9questration ou d\u00e9tention arbitraire, en relation avec une entreprise terroriste, et pour association de malfaiteurs terroriste criminelle, et ont \u00e9t\u00e9 plac\u00e9s en d\u00e9tention provisoire. D\u00e8s samedi, le minist\u00e8re alg\u00e9rien des Affaires \u00e9trang\u00e8res avait d\u00e9nonc\u00e9 \u00ab l&#8217;argumentaire vermoulu et farfelu \u00bb du minist\u00e8re fran\u00e7ais de l&#8217;Int\u00e9rieur et fustig\u00e9 une \u00ab cabale judiciaire inadmissible \u00bb.<\/p>\n<p>\u00ab La France d\u00e9fendra ses int\u00e9r\u00eats et continuera d\u2019exiger de l\u2019Alg\u00e9rie qu\u2019elle respecte pleinement ses obligations \u00e0 son \u00e9gard, s\u2019agissant tout particuli\u00e8rement de notre s\u00e9curit\u00e9 nationale et de la coop\u00e9ration en mati\u00e8re migratoire. Ces exigences vont avec l\u2019ambition que la France continuera d\u2019avoir pour ses relations avec l\u2019Alg\u00e9rie, compte tenu de ses int\u00e9r\u00eats, de son histoire et des liens humains existants entre nos deux pays \u00bb, poursuit le communiqu\u00e9 de l&#8217;\u00c9lys\u00e9e.<\/p>\n<p>Sur le r\u00e9seau X, le chef de la diplomatie fran\u00e7aise Jean-No\u00ebl Barrot, qui \u00e9tait personnellement all\u00e9 \u00e0 Alger d\u00e9but avril, affirme que \u00ab les autorit\u00e9s alg\u00e9riennes ont choisi l&#8217;escalade \u00bb. \u00ab Nous r\u00e9pliquons comme annonc\u00e9 \u00bb, ajoute-t-il. \u00ab Le dialogue, toujours, mais pas \u00e0 sens unique \u00bb, conclut le ministre.<br \/>\nRfi.fr<\/p>\n","protected":false},"excerpt":{"rendered":"<p>Emmanuel Macron a annonc\u00e9 ce mardi 15 avril sa d\u00e9cision d&#8217;expulser douze agents \u00ab servant dans le r\u00e9seau consulaire et diplomatique alg\u00e9rien en France \u00bb, en repr\u00e9sailles \u00e0 des expulsions similaires d\u00e9cid\u00e9es par Alger, et de rappeler l&#8217;ambassadeur fran\u00e7ais \u00e0 Alger \u00ab pour consultations \u00bb. La r\u00e9ponse de Paris \u00e0 Alger n&#8217;aura pas tard\u00e9. Vingt-quatre &hellip;<\/p>\n","protected":false},"author":2,"featured_media":15124,"comment_status":"open","ping_status":"open","sticky":false,"template":"","format":"standard","meta":{"footnotes":""},"categories":[18,29],"tags":[],"class_list":["post-15123","post","type-post","status-publish","format-standard","has-post-thumbnail","hentry","category-actualites","category-monde"],"_links":{"self":[{"href":"https:\/\/ladepeche.mr\/index.php?rest_route=\/wp\/v2\/posts\/15123","targetHints":{"allow":["GET"]}}],"collection":[{"href":"https:\/\/ladepeche.mr\/index.php?rest_route=\/wp\/v2\/posts"}],"about":[{"href":"https:\/\/ladepeche.mr\/index.php?rest_route=\/wp\/v2\/types\/post"}],"author":[{"embeddable":true,"href":"https:\/\/ladepeche.mr\/index.php?rest_route=\/wp\/v2\/users\/2"}],"replies":[{"embeddable":true,"href":"https:\/\/ladepeche.mr\/index.php?rest_route=%2Fwp%2Fv2%2Fcomments&post=15123"}],"version-history":[{"count":1,"href":"https:\/\/ladepeche.mr\/index.php?rest_route=\/wp\/v2\/posts\/15123\/revisions"}],"predecessor-version":[{"id":15125,"href":"https:\/\/ladepeche.mr\/index.php?rest_route=\/wp\/v2\/posts\/15123\/revisions\/15125"}],"wp:featuredmedia":[{"embeddable":true,"href":"https:\/\/ladepeche.mr\/index.php?rest_route=\/wp\/v2\/media\/15124"}],"wp:attachment":[{"href":"https:\/\/ladepeche.mr\/index.php?rest_route=%2Fwp%2Fv2%2Fmedia&parent=15123"}],"wp:term":[{"taxonomy":"category","embeddable":true,"href":"https:\/\/ladepeche.mr\/index.php?rest_route=%2Fwp%2Fv2%2Fcategories&post=15123"},{"taxonomy":"post_tag","embeddable":true,"href":"https:\/\/ladepeche.mr\/index.php?rest_route=%2Fwp%2Fv2%2Ftags&post=15123"}],"curies":[{"name":"wp","href":"https:\/\/api.w.org\/{rel}","templated":true}]}}