{"id":15133,"date":"2025-04-16T23:17:05","date_gmt":"2025-04-16T23:17:05","guid":{"rendered":"https:\/\/ladepeche.mr\/?p=15133"},"modified":"2025-04-16T23:18:41","modified_gmt":"2025-04-16T23:18:41","slug":"la-moldavie-appuie-le-plan-dautonomie-et-le-considere-comme-la-base-la-plus-serieuse-et-credible-pour-le-reglement-du-differend-autour-du-sahara","status":"publish","type":"post","link":"https:\/\/ladepeche.mr\/?p=15133","title":{"rendered":"La Moldavie appuie le plan d&#8217;autonomie et le consid\u00e8re comme &#8220;la base la plus s\u00e9rieuse et cr\u00e9dible pour le r\u00e8glement du diff\u00e9rend&#8221; autour du Sahara"},"content":{"rendered":"<p>Chisinau (MAP)- La Moldavie a exprim\u00e9, mardi \u00e0 Chisinau, son appui au plan d&#8217;autonomie pr\u00e9sent\u00e9 par le Maroc pour r\u00e9gler d\u00e9finitivement le diff\u00e9rend r\u00e9gional autour de son Sahara, le consid\u00e9rant comme &#8220;la base la plus s\u00e9rieuse et cr\u00e9dible&#8221; pour le r\u00e8glement de ce diff\u00e9rend.<\/p>\n<p>La R\u00e9publique de Moldavie a \u00e9galement exprim\u00e9 son &#8220;plein soutien aux efforts sinc\u00e8res&#8221; d\u00e9ploy\u00e9s par le Maroc pour la r\u00e9solution de la question du Sahara marocain.<\/p>\n<p>A cette occasion, le chef de la diplomatie moldave a r\u00e9it\u00e9r\u00e9 le soutien de son pays au processus men\u00e9 par les Nations Unies en vue d&#8217;une solution politique juste, pragmatique, durable et mutuellement acceptable pour les parties.<\/p>\n<p>Les deux ministres ont \u00e9galement convenu de l&#8217;exclusivit\u00e9 de l&#8217;ONU dans le processus politique et r\u00e9affirm\u00e9 leur soutien \u00e0 la r\u00e9solution 2756 (2024) du Conseil de s\u00e9curit\u00e9, qui a soulign\u00e9 le r\u00f4le et la responsabilit\u00e9 des parties dans la recherche d&#8217;un accord r\u00e9aliste, pragmatique et durable et d&#8217;une solution politique bas\u00e9e sur le compromis.<\/p>\n<p>Le Royaume du Maroc et la R\u00e9publique de Moldavie ont, d&#8217;autre part, affirm\u00e9 leur soutien \u00e0 l&#8217;Envoy\u00e9 personnel du Secr\u00e9taire g\u00e9n\u00e9ral des Nations Unies, et \u00e0 ses efforts visant \u00e0 faire avancer le processus politique sur la base des r\u00e9solutions pertinentes du Conseil de s\u00e9curit\u00e9 de l&#8217;ONU et des principes et objectifs de la Charte des Nations Unies. Ils ont \u00e9galement r\u00e9affirm\u00e9 leur soutien \u00e0 la MINURSO, pr\u00e9cise-t-on dans la D\u00e9claration conjointe.<\/p>\n<p>Ce soutien a \u00e9t\u00e9 exprim\u00e9 dans une D\u00e9claration conjointe adopt\u00e9e \u00e0 l&#8217;issue d&#8217;entretiens entre le ministre et des Affaires \u00e9trang\u00e8res de la R\u00e9publique de Moldavie, Mihai Pop\u0219oi, et le ministre des Affaires \u00e9trang\u00e8res, de la Coop\u00e9ration africaine et des Marocains r\u00e9sidant \u00e0 l&#8217;\u00e9tranger, Nasser Bourita, en visite de travail \u00e0 Chisinau.<br \/>\n(avec m\u00e9dia)<\/p>\n","protected":false},"excerpt":{"rendered":"<p>Chisinau (MAP)- La Moldavie a exprim\u00e9, mardi \u00e0 Chisinau, son appui au plan d&#8217;autonomie pr\u00e9sent\u00e9 par le Maroc pour r\u00e9gler d\u00e9finitivement le diff\u00e9rend r\u00e9gional autour de son Sahara, le consid\u00e9rant comme &#8220;la base la plus s\u00e9rieuse et cr\u00e9dible&#8221; pour le r\u00e8glement de ce diff\u00e9rend. La R\u00e9publique de Moldavie a \u00e9galement exprim\u00e9 son &#8220;plein soutien aux &hellip;<\/p>\n","protected":false},"author":2,"featured_media":15134,"comment_status":"open","ping_status":"open","sticky":false,"template":"","format":"standard","meta":{"footnotes":""},"categories":[18,29],"tags":[],"class_list":["post-15133","post","type-post","status-publish","format-standard","has-post-thumbnail","hentry","category-actualites","category-monde"],"_links":{"self":[{"href":"https:\/\/ladepeche.mr\/index.php?rest_route=\/wp\/v2\/posts\/15133","targetHints":{"allow":["GET"]}}],"collection":[{"href":"https:\/\/ladepeche.mr\/index.php?rest_route=\/wp\/v2\/posts"}],"about":[{"href":"https:\/\/ladepeche.mr\/index.php?rest_route=\/wp\/v2\/types\/post"}],"author":[{"embeddable":true,"href":"https:\/\/ladepeche.mr\/index.php?rest_route=\/wp\/v2\/users\/2"}],"replies":[{"embeddable":true,"href":"https:\/\/ladepeche.mr\/index.php?rest_route=%2Fwp%2Fv2%2Fcomments&post=15133"}],"version-history":[{"count":2,"href":"https:\/\/ladepeche.mr\/index.php?rest_route=\/wp\/v2\/posts\/15133\/revisions"}],"predecessor-version":[{"id":15136,"href":"https:\/\/ladepeche.mr\/index.php?rest_route=\/wp\/v2\/posts\/15133\/revisions\/15136"}],"wp:featuredmedia":[{"embeddable":true,"href":"https:\/\/ladepeche.mr\/index.php?rest_route=\/wp\/v2\/media\/15134"}],"wp:attachment":[{"href":"https:\/\/ladepeche.mr\/index.php?rest_route=%2Fwp%2Fv2%2Fmedia&parent=15133"}],"wp:term":[{"taxonomy":"category","embeddable":true,"href":"https:\/\/ladepeche.mr\/index.php?rest_route=%2Fwp%2Fv2%2Fcategories&post=15133"},{"taxonomy":"post_tag","embeddable":true,"href":"https:\/\/ladepeche.mr\/index.php?rest_route=%2Fwp%2Fv2%2Ftags&post=15133"}],"curies":[{"name":"wp","href":"https:\/\/api.w.org\/{rel}","templated":true}]}}