{"id":15139,"date":"2025-04-17T09:05:02","date_gmt":"2025-04-17T09:05:02","guid":{"rendered":"https:\/\/ladepeche.mr\/?p=15139"},"modified":"2025-04-17T09:05:02","modified_gmt":"2025-04-17T09:05:02","slug":"omc-les-echanges-commerciaux-dans-le-monde-devraient-diminuer-de-1-5","status":"publish","type":"post","link":"https:\/\/ladepeche.mr\/?p=15139","title":{"rendered":"OMC : les \u00e9changes commerciaux dans le monde devraient diminuer de 1.5%"},"content":{"rendered":"<p>Les \u00e9changes de marchandises \u00e0 l&#8217;\u00e9chelle mondiale diminueraient de 1,5 % si M. Trump applique ses droits de douane les plus \u00e9lev\u00e9s \u00e0 la plupart des pays, en raison de l&#8217;incertitude qui d\u00e9stabilise les entreprises.<\/p>\n<p>L&#8217;Organisation mondiale du commerce a indiqu\u00e9 que le volume des \u00e9changes de marchandises dans le monde est susceptible de diminuer de 0,2 % cette ann\u00e9e.<\/p>\n<p>Ces pr\u00e9visions du d\u00e9clin du commerce mondial sont justifi\u00e9es par les politiques tarifaires changeantes du pr\u00e9sident am\u00e9ricain Donald Trump mais \u00e9galement d\u2019une impasse avec la Chine.<\/p>\n<p>Selon le rapport de l\u2019OMC cette baisse des \u00e9changes commerciaux sera particuli\u00e8rement marqu\u00e9e en Am\u00e9rique du Nord, m\u00eame en l&#8217;absence des droits de douane les plus \u00e9lev\u00e9s.<\/p>\n<p>Le forum mondial du commerce s&#8217;attend \u00e0 ce que les exportations chutent de 12,6 % et les importations de 9,6 % cette ann\u00e9e.<\/p>\n<p>L&#8217;OMC a bas\u00e9 son rapport sur la situation tarifaire \u00e0 la date de lundi 14 avril 2025. Initialement, les ann\u00e9es 2025 et 2026 devaient conna\u00eetre une expansion continue du commerce mondial, mais la guerre commerciale de Trump a contraint les \u00e9conomistes de l&#8217;OMC \u00e0 revoir leurs pr\u00e9visions \u00e0 la baisse de mani\u00e8re substantielle.<\/p>\n","protected":false},"excerpt":{"rendered":"<p>Les \u00e9changes de marchandises \u00e0 l&#8217;\u00e9chelle mondiale diminueraient de 1,5 % si M. Trump applique ses droits de douane les plus \u00e9lev\u00e9s \u00e0 la plupart des pays, en raison de l&#8217;incertitude qui d\u00e9stabilise les entreprises. L&#8217;Organisation mondiale du commerce a indiqu\u00e9 que le volume des \u00e9changes de marchandises dans le monde est susceptible de diminuer &hellip;<\/p>\n","protected":false},"author":2,"featured_media":15140,"comment_status":"open","ping_status":"open","sticky":false,"template":"","format":"standard","meta":{"footnotes":""},"categories":[18,29],"tags":[],"class_list":["post-15139","post","type-post","status-publish","format-standard","has-post-thumbnail","hentry","category-actualites","category-monde"],"_links":{"self":[{"href":"https:\/\/ladepeche.mr\/index.php?rest_route=\/wp\/v2\/posts\/15139","targetHints":{"allow":["GET"]}}],"collection":[{"href":"https:\/\/ladepeche.mr\/index.php?rest_route=\/wp\/v2\/posts"}],"about":[{"href":"https:\/\/ladepeche.mr\/index.php?rest_route=\/wp\/v2\/types\/post"}],"author":[{"embeddable":true,"href":"https:\/\/ladepeche.mr\/index.php?rest_route=\/wp\/v2\/users\/2"}],"replies":[{"embeddable":true,"href":"https:\/\/ladepeche.mr\/index.php?rest_route=%2Fwp%2Fv2%2Fcomments&post=15139"}],"version-history":[{"count":1,"href":"https:\/\/ladepeche.mr\/index.php?rest_route=\/wp\/v2\/posts\/15139\/revisions"}],"predecessor-version":[{"id":15141,"href":"https:\/\/ladepeche.mr\/index.php?rest_route=\/wp\/v2\/posts\/15139\/revisions\/15141"}],"wp:featuredmedia":[{"embeddable":true,"href":"https:\/\/ladepeche.mr\/index.php?rest_route=\/wp\/v2\/media\/15140"}],"wp:attachment":[{"href":"https:\/\/ladepeche.mr\/index.php?rest_route=%2Fwp%2Fv2%2Fmedia&parent=15139"}],"wp:term":[{"taxonomy":"category","embeddable":true,"href":"https:\/\/ladepeche.mr\/index.php?rest_route=%2Fwp%2Fv2%2Fcategories&post=15139"},{"taxonomy":"post_tag","embeddable":true,"href":"https:\/\/ladepeche.mr\/index.php?rest_route=%2Fwp%2Fv2%2Ftags&post=15139"}],"curies":[{"name":"wp","href":"https:\/\/api.w.org\/{rel}","templated":true}]}}