{"id":15142,"date":"2025-04-17T09:30:23","date_gmt":"2025-04-17T09:30:23","guid":{"rendered":"https:\/\/ladepeche.mr\/?p=15142"},"modified":"2025-04-17T09:31:36","modified_gmt":"2025-04-17T09:31:36","slug":"mali-algerie-la-mauritanie-na-pas-ete-sollicitee-pour-une-mission-de-bons-offices-ministre","status":"publish","type":"post","link":"https:\/\/ladepeche.mr\/?p=15142","title":{"rendered":"Mali-Alg\u00e9rie : La Mauritanie n\u2019a pas \u00e9t\u00e9 sollicit\u00e9e pour une mission de bons offices (ministre)"},"content":{"rendered":"<p>Le gouvernement mauritanien n\u2019a pas \u00e9t\u00e9 sollicit\u00e9 pour une mission de bons offices entre le Mali et l\u2019Alg\u00e9rie, a soulign\u00e9 mercredi, \u00e0 l\u2019issue du dernier conseil des ministres, Houssein Ould Medou, ministre de la culture et porte-parole du gouvernement.<br \/>\nLe ministre qui r\u00e9pondait \u00e0 une question d\u2019un journaliste a encore soulign\u00e9 que son pays restait favorable \u00e0 toute normalisation des relations bilat\u00e9rales entre \u00abdeux pays fr\u00e8res \u00bb a-t-il indiqu\u00e9 mais a assur\u00e9 que la pr\u00e9sence, ces derniers jours, des responsables mauritaniens (les ministres des affaires \u00e9trang\u00e8res et de la d\u00e9fense) dans les deux capitales malienne et alg\u00e9rienne auxquels la question faisait allusion n\u2019avait aucun rapport avec une quelconque m\u00e9diation entre les deux pays.<br \/>\nLes relations diplomatiques entre le Mali et l\u2019Alg\u00e9rie, tous deux limitrophes de la Mauritanie, rappelle-t-on, connaissent aujourd\u2019hui une profonde crise marqu\u00e9e par le retrait des ambassadeurs qui s\u2019est aussi \u00e9tendue aux pays de l\u2019AES. <\/p>\n","protected":false},"excerpt":{"rendered":"<p>Le gouvernement mauritanien n\u2019a pas \u00e9t\u00e9 sollicit\u00e9 pour une mission de bons offices entre le Mali et l\u2019Alg\u00e9rie, a soulign\u00e9 mercredi, \u00e0 l\u2019issue du dernier conseil des ministres, Houssein Ould Medou, ministre de la culture et porte-parole du gouvernement. Le ministre qui r\u00e9pondait \u00e0 une question d\u2019un journaliste a encore soulign\u00e9 que son pays restait &hellip;<\/p>\n","protected":false},"author":2,"featured_media":15144,"comment_status":"open","ping_status":"open","sticky":false,"template":"","format":"standard","meta":{"footnotes":""},"categories":[18,29],"tags":[],"class_list":["post-15142","post","type-post","status-publish","format-standard","has-post-thumbnail","hentry","category-actualites","category-monde"],"_links":{"self":[{"href":"https:\/\/ladepeche.mr\/index.php?rest_route=\/wp\/v2\/posts\/15142","targetHints":{"allow":["GET"]}}],"collection":[{"href":"https:\/\/ladepeche.mr\/index.php?rest_route=\/wp\/v2\/posts"}],"about":[{"href":"https:\/\/ladepeche.mr\/index.php?rest_route=\/wp\/v2\/types\/post"}],"author":[{"embeddable":true,"href":"https:\/\/ladepeche.mr\/index.php?rest_route=\/wp\/v2\/users\/2"}],"replies":[{"embeddable":true,"href":"https:\/\/ladepeche.mr\/index.php?rest_route=%2Fwp%2Fv2%2Fcomments&post=15142"}],"version-history":[{"count":3,"href":"https:\/\/ladepeche.mr\/index.php?rest_route=\/wp\/v2\/posts\/15142\/revisions"}],"predecessor-version":[{"id":15146,"href":"https:\/\/ladepeche.mr\/index.php?rest_route=\/wp\/v2\/posts\/15142\/revisions\/15146"}],"wp:featuredmedia":[{"embeddable":true,"href":"https:\/\/ladepeche.mr\/index.php?rest_route=\/wp\/v2\/media\/15144"}],"wp:attachment":[{"href":"https:\/\/ladepeche.mr\/index.php?rest_route=%2Fwp%2Fv2%2Fmedia&parent=15142"}],"wp:term":[{"taxonomy":"category","embeddable":true,"href":"https:\/\/ladepeche.mr\/index.php?rest_route=%2Fwp%2Fv2%2Fcategories&post=15142"},{"taxonomy":"post_tag","embeddable":true,"href":"https:\/\/ladepeche.mr\/index.php?rest_route=%2Fwp%2Fv2%2Ftags&post=15142"}],"curies":[{"name":"wp","href":"https:\/\/api.w.org\/{rel}","templated":true}]}}