{"id":15147,"date":"2025-04-17T09:36:43","date_gmt":"2025-04-17T09:36:43","guid":{"rendered":"https:\/\/ladepeche.mr\/?p=15147"},"modified":"2025-04-17T09:36:43","modified_gmt":"2025-04-17T09:36:43","slug":"lestonie-reaffirme-son-soutien-au-plan-dautonomie-comme-bonne-base-serieuse-et-credible-pour-une-solution-convenue-entre-les-parties","status":"publish","type":"post","link":"https:\/\/ladepeche.mr\/?p=15147","title":{"rendered":"L&#8217;Estonie r\u00e9affirme son soutien au plan d&#8217;autonomie comme &#8220;bonne base s\u00e9rieuse et cr\u00e9dible pour une solution convenue entre les parties&#8221;"},"content":{"rendered":"<p>L&#8217;Estonie a r\u00e9affirm\u00e9, mardi 15 avril courant, son soutien au plan d&#8217;autonomie, pr\u00e9sent\u00e9 en avril 2007 par le Maroc, pour r\u00e9gler la question du Sahara marocain, qualifiant le plan de &#8220;bonne base s\u00e9rieuse et cr\u00e9dible pour une solution convenue entre les parties&#8221;, tout &#8220;en encourageant les autres gouvernements \u00e0 rejoindre cette position&#8221;.<\/p>\n<p>Cette annonce a \u00e9t\u00e9 faite par le ministre des Affaires \u00c9trang\u00e8res estonien, Margus Tsahkna, lors d&#8217;une conf\u00e9rence de presse, \u00e0 l&#8217;issue d&#8217;entretiens, \u00e0 Tallinn, avec le ministre des Affaires \u00c9trang\u00e8res, de la Coop\u00e9ration africaine et des Marocains r\u00e9sidant \u00e0 l&#8217;\u00c9tranger, Nasser Bourita, en visite en Estonie, la premi\u00e8re d&#8217;un ministre marocain des Affaires \u00e9trang\u00e8res dans ce pays.<\/p>\n<p>Ce soutien au plan d&#8217;autonomie intervient dans le sillage de la dynamique internationale cr\u00e9\u00e9e sous l&#8217;impulsion de SM le Roi Mohammed VI en soutien \u00e0 la souverainet\u00e9 du Maroc sur son Sahara et au Plan d&#8217;autonomie.<br \/>\nL&#8217;Estonie s&#8217;inscrit, ainsi, dans l&#8217;esprit de la derni\u00e8re r\u00e9solution 2756 du Conseil de S\u00e9curit\u00e9 des Nations Unies, qui se f\u00e9licite du momentum cr\u00e9\u00e9 et demande instamment qu&#8217;il soit mis \u00e0 profit.<br \/>\n(avec m\u00e9dia)<\/p>\n","protected":false},"excerpt":{"rendered":"<p>L&#8217;Estonie a r\u00e9affirm\u00e9, mardi 15 avril courant, son soutien au plan d&#8217;autonomie, pr\u00e9sent\u00e9 en avril 2007 par le Maroc, pour r\u00e9gler la question du Sahara marocain, qualifiant le plan de &#8220;bonne base s\u00e9rieuse et cr\u00e9dible pour une solution convenue entre les parties&#8221;, tout &#8220;en encourageant les autres gouvernements \u00e0 rejoindre cette position&#8221;. Cette annonce a &hellip;<\/p>\n","protected":false},"author":2,"featured_media":15148,"comment_status":"open","ping_status":"open","sticky":false,"template":"","format":"standard","meta":{"footnotes":""},"categories":[18,29],"tags":[],"class_list":["post-15147","post","type-post","status-publish","format-standard","has-post-thumbnail","hentry","category-actualites","category-monde"],"_links":{"self":[{"href":"https:\/\/ladepeche.mr\/index.php?rest_route=\/wp\/v2\/posts\/15147","targetHints":{"allow":["GET"]}}],"collection":[{"href":"https:\/\/ladepeche.mr\/index.php?rest_route=\/wp\/v2\/posts"}],"about":[{"href":"https:\/\/ladepeche.mr\/index.php?rest_route=\/wp\/v2\/types\/post"}],"author":[{"embeddable":true,"href":"https:\/\/ladepeche.mr\/index.php?rest_route=\/wp\/v2\/users\/2"}],"replies":[{"embeddable":true,"href":"https:\/\/ladepeche.mr\/index.php?rest_route=%2Fwp%2Fv2%2Fcomments&post=15147"}],"version-history":[{"count":1,"href":"https:\/\/ladepeche.mr\/index.php?rest_route=\/wp\/v2\/posts\/15147\/revisions"}],"predecessor-version":[{"id":15149,"href":"https:\/\/ladepeche.mr\/index.php?rest_route=\/wp\/v2\/posts\/15147\/revisions\/15149"}],"wp:featuredmedia":[{"embeddable":true,"href":"https:\/\/ladepeche.mr\/index.php?rest_route=\/wp\/v2\/media\/15148"}],"wp:attachment":[{"href":"https:\/\/ladepeche.mr\/index.php?rest_route=%2Fwp%2Fv2%2Fmedia&parent=15147"}],"wp:term":[{"taxonomy":"category","embeddable":true,"href":"https:\/\/ladepeche.mr\/index.php?rest_route=%2Fwp%2Fv2%2Fcategories&post=15147"},{"taxonomy":"post_tag","embeddable":true,"href":"https:\/\/ladepeche.mr\/index.php?rest_route=%2Fwp%2Fv2%2Ftags&post=15147"}],"curies":[{"name":"wp","href":"https:\/\/api.w.org\/{rel}","templated":true}]}}