{"id":15154,"date":"2025-04-18T18:01:27","date_gmt":"2025-04-18T18:01:27","guid":{"rendered":"https:\/\/ladepeche.mr\/?p=15154"},"modified":"2025-04-18T18:02:22","modified_gmt":"2025-04-18T18:02:22","slug":"bad-le-ministre-des-finances-introduit-le-candidat-mauritanien-aupres-des-japonais","status":"publish","type":"post","link":"https:\/\/ladepeche.mr\/?p=15154","title":{"rendered":"BAD: le ministre des finances introduit le candidat mauritanien aupr\u00e8s des japonais"},"content":{"rendered":"<p>Le ministre de l\u2019\u00c9conomie et des Finances, Sid&#8217; Ahmed Ould Bouh, m\u00e8ne campagne au nom des autorit\u00e9s mauritaniennes, aupr\u00e8s des diff\u00e9rents pourvoyeurs de la Banque Africaine de D\u00e9veloppement \u00e0 la pr\u00e9sidence de laquelle le gouvernement mauritanien pr\u00e9sente, Sidi Ould Tah, ancien ministre des affaires \u00e9conomiques et du d\u00e9veloppement en Mauritanie.<br \/>\nDans cet objectif, le ministre Ould Bouh, a rencontr\u00e9  vendredi au si\u00e8ge du Minist\u00e8re des Finances \u00e0 Tokyo, le vice-ministre adjoint japonais des Finances charg\u00e9 des affaires internationales, M. Fuji Daiho.<\/p>\n<p>Outre la coop\u00e9ration bilat\u00e9rale entre les deux pays dont l&#8217;acc\u00e8s au financement via la JICA (Agence japonaise de coop\u00e9ration internationale) et les pr\u00e9paratifs pour la 9\u00e8me \u00e9dition de la Conf\u00e9rence internationale de Tokyo sur le d\u00e9veloppement de l\u2019Afrique (TICAD), pr\u00e9vue au mois d\u2019ao\u00fbt prochain dans la ville de Yokohama, l&#8217;entrevue entre les responsables  rencontre aurait \u00e9galement port\u00e9 sur le soutien du Japon au candidat mauritanien pour le poste de pr\u00e9sident du groupe de la BAD, pr\u00e9vue fin mai prochain. Ce dernier, par ailleurs DG de la BADEA, \u00e9tait pr\u00e9sent lors des rencontres men\u00e9es par le ministre Ould Bouh.<br \/>\nLe Japon est l&#8217;un des principaux bailleurs de fonds de l&#8217;institution continentale africaine.<\/p>\n","protected":false},"excerpt":{"rendered":"<p>Le ministre de l\u2019\u00c9conomie et des Finances, Sid&#8217; Ahmed Ould Bouh, m\u00e8ne campagne au nom des autorit\u00e9s mauritaniennes, aupr\u00e8s des diff\u00e9rents pourvoyeurs de la Banque Africaine de D\u00e9veloppement \u00e0 la pr\u00e9sidence de laquelle le gouvernement mauritanien pr\u00e9sente, Sidi Ould Tah, ancien ministre des affaires \u00e9conomiques et du d\u00e9veloppement en Mauritanie. Dans cet objectif, le ministre &hellip;<\/p>\n","protected":false},"author":2,"featured_media":15155,"comment_status":"open","ping_status":"open","sticky":false,"template":"","format":"standard","meta":{"footnotes":""},"categories":[18,2],"tags":[],"class_list":["post-15154","post","type-post","status-publish","format-standard","has-post-thumbnail","hentry","category-actualites","category-economie"],"_links":{"self":[{"href":"https:\/\/ladepeche.mr\/index.php?rest_route=\/wp\/v2\/posts\/15154","targetHints":{"allow":["GET"]}}],"collection":[{"href":"https:\/\/ladepeche.mr\/index.php?rest_route=\/wp\/v2\/posts"}],"about":[{"href":"https:\/\/ladepeche.mr\/index.php?rest_route=\/wp\/v2\/types\/post"}],"author":[{"embeddable":true,"href":"https:\/\/ladepeche.mr\/index.php?rest_route=\/wp\/v2\/users\/2"}],"replies":[{"embeddable":true,"href":"https:\/\/ladepeche.mr\/index.php?rest_route=%2Fwp%2Fv2%2Fcomments&post=15154"}],"version-history":[{"count":2,"href":"https:\/\/ladepeche.mr\/index.php?rest_route=\/wp\/v2\/posts\/15154\/revisions"}],"predecessor-version":[{"id":15157,"href":"https:\/\/ladepeche.mr\/index.php?rest_route=\/wp\/v2\/posts\/15154\/revisions\/15157"}],"wp:featuredmedia":[{"embeddable":true,"href":"https:\/\/ladepeche.mr\/index.php?rest_route=\/wp\/v2\/media\/15155"}],"wp:attachment":[{"href":"https:\/\/ladepeche.mr\/index.php?rest_route=%2Fwp%2Fv2%2Fmedia&parent=15154"}],"wp:term":[{"taxonomy":"category","embeddable":true,"href":"https:\/\/ladepeche.mr\/index.php?rest_route=%2Fwp%2Fv2%2Fcategories&post=15154"},{"taxonomy":"post_tag","embeddable":true,"href":"https:\/\/ladepeche.mr\/index.php?rest_route=%2Fwp%2Fv2%2Ftags&post=15154"}],"curies":[{"name":"wp","href":"https:\/\/api.w.org\/{rel}","templated":true}]}}