{"id":15160,"date":"2025-04-21T11:52:08","date_gmt":"2025-04-21T11:52:08","guid":{"rendered":"https:\/\/ladepeche.mr\/?p=15160"},"modified":"2025-04-21T11:53:29","modified_gmt":"2025-04-21T11:53:29","slug":"20-04-2025-2132-le-premier-ministre-le-projet-de-developpement-de-nouakchott-se-deroule-comme-prevu","status":"publish","type":"post","link":"https:\/\/ladepeche.mr\/?p=15160","title":{"rendered":"e Premier ministre : Le projet de d\u00e9veloppement de Nouakchott se d\u00e9roule comme pr\u00e9vu"},"content":{"rendered":"<p> Le Le Premier ministre, M. El Moctar Ould Djay a soulign\u00e9 que le projet de d\u00e9veloppement de la ville de Nouakchott est en cours d\u2019ex\u00e9cution selon les conditions et les d\u00e9lais fix\u00e9s, notant que le Pr\u00e9sident de la R\u00e9publique a engag\u00e9 le gouvernement \u00e0 suivre et \u00e0 contr\u00f4ler l\u2019avancement des travaux de ce projet jusqu\u2019\u00e0 l\u2019ach\u00e8vement de ses composantes selon les d\u00e9lais et les sp\u00e9cifications indiqu\u00e9es dans le cahier des charges.<\/p>\n<p>Le Premier ministre a indiqu\u00e9 que les composantes de ce programme touchent directement aux pr\u00e9occupations des citoyens.<\/p>\n<p>La visite a comport\u00e9 les composantes relatives \u00e0 l\u2019acc\u00e8s \u00e0 l\u2019eau potable et \u00e0 l\u2019assainissement, \u00e0 l\u2019\u00e9lectricit\u00e9 et l\u2019\u00e9clairage public, \u00e0 l\u2019environnement et la cr\u00e9ation d\u2019espaces, et les activit\u00e9s associatives.<\/p>\n<p>Le Premier ministre et la d\u00e9l\u00e9gation qui l\u2019accompagne se sont inform\u00e9s sur l\u2019\u00e9tat d\u2019avancement des travaux des \u00e9quipements et ont entendu des explications d\u00e9taill\u00e9es des responsables sur la nature de ces \u00e9quipements, leur importance, leurs b\u00e9n\u00e9fices pour les citoyens et l\u2019\u00e9tat d\u2019avancement des travaux.<\/p>\n<p>Le Premier ministre a demand\u00e9 aux ministres concern\u00e9s de continuer \u00e0 assurer un suivi permanent des chantiers afin de garantir la qualit\u00e9 de la r\u00e9alisation et le respect des d\u00e9lais fix\u00e9s. Samedi, le Premier ministre a visit\u00e9 les composantes \u00e9ducation, sant\u00e9, routes et d\u00e9senclavement.<\/p>\n<p>Le Premier ministre \u00e9tait accompagn\u00e9 du ministre charg\u00e9 du secr\u00e9tariat g\u00e9n\u00e9ral du gouvernement, du ministre de la jeunesse, de l\u2019emploi, des sports et du service civique, du ministre de l\u2019\u00e9nergie et du p\u00e9trole, du ministre de l\u2019hydraulique et de l\u2019assainissement, de la ministre de l\u2019environnement et du d\u00e9veloppement durable, du directeur de cabinet du Premier ministre, des conseillers au premier minist\u00e8re, des trois walis de Nouakchott, des maires des communes et des hakems des moughataas.<br \/>\nAmi<\/p>\n","protected":false},"excerpt":{"rendered":"<p>Le Le Premier ministre, M. El Moctar Ould Djay a soulign\u00e9 que le projet de d\u00e9veloppement de la ville de Nouakchott est en cours d\u2019ex\u00e9cution selon les conditions et les d\u00e9lais fix\u00e9s, notant que le Pr\u00e9sident de la R\u00e9publique a engag\u00e9 le gouvernement \u00e0 suivre et \u00e0 contr\u00f4ler l\u2019avancement des travaux de ce projet jusqu\u2019\u00e0 &hellip;<\/p>\n","protected":false},"author":2,"featured_media":15161,"comment_status":"open","ping_status":"open","sticky":false,"template":"","format":"standard","meta":{"footnotes":""},"categories":[1],"tags":[],"class_list":["post-15160","post","type-post","status-publish","format-standard","has-post-thumbnail","hentry","category-uncategorized"],"_links":{"self":[{"href":"https:\/\/ladepeche.mr\/index.php?rest_route=\/wp\/v2\/posts\/15160","targetHints":{"allow":["GET"]}}],"collection":[{"href":"https:\/\/ladepeche.mr\/index.php?rest_route=\/wp\/v2\/posts"}],"about":[{"href":"https:\/\/ladepeche.mr\/index.php?rest_route=\/wp\/v2\/types\/post"}],"author":[{"embeddable":true,"href":"https:\/\/ladepeche.mr\/index.php?rest_route=\/wp\/v2\/users\/2"}],"replies":[{"embeddable":true,"href":"https:\/\/ladepeche.mr\/index.php?rest_route=%2Fwp%2Fv2%2Fcomments&post=15160"}],"version-history":[{"count":3,"href":"https:\/\/ladepeche.mr\/index.php?rest_route=\/wp\/v2\/posts\/15160\/revisions"}],"predecessor-version":[{"id":15164,"href":"https:\/\/ladepeche.mr\/index.php?rest_route=\/wp\/v2\/posts\/15160\/revisions\/15164"}],"wp:featuredmedia":[{"embeddable":true,"href":"https:\/\/ladepeche.mr\/index.php?rest_route=\/wp\/v2\/media\/15161"}],"wp:attachment":[{"href":"https:\/\/ladepeche.mr\/index.php?rest_route=%2Fwp%2Fv2%2Fmedia&parent=15160"}],"wp:term":[{"taxonomy":"category","embeddable":true,"href":"https:\/\/ladepeche.mr\/index.php?rest_route=%2Fwp%2Fv2%2Fcategories&post=15160"},{"taxonomy":"post_tag","embeddable":true,"href":"https:\/\/ladepeche.mr\/index.php?rest_route=%2Fwp%2Fv2%2Ftags&post=15160"}],"curies":[{"name":"wp","href":"https:\/\/api.w.org\/{rel}","templated":true}]}}