{"id":15165,"date":"2025-04-21T11:56:35","date_gmt":"2025-04-21T11:56:35","guid":{"rendered":"https:\/\/ladepeche.mr\/?p=15165"},"modified":"2025-04-21T11:56:35","modified_gmt":"2025-04-21T11:56:35","slug":"pudn-le-premier-ministre-insiste-sur-la-necessite-dachever-les-travaux-dans-les-delais-impartis","status":"publish","type":"post","link":"https:\/\/ladepeche.mr\/?p=15165","title":{"rendered":"PUDN: le Premier ministre insiste sur la n\u00e9cessit\u00e9 d\u2019achever les travaux dans les d\u00e9lais impartis"},"content":{"rendered":"<p>Le Premier ministre, M. El Moctar Ould Djay a soulign\u00e9 la n\u00e9cessit\u00e9 d\u2019acc\u00e9l\u00e9rer les travaux des chantiers de mise en \u0153uvre des composantes du programme d\u2019urgence pour la ville de Nouakchott, lanc\u00e9 le 20 janvier dernier par le Pr\u00e9sident de la R\u00e9publique, Son Excellence Monsieur Mohamed Ould Cheikh El Ghazouani.<\/p>\n<p>C\u2019\u00e9tait \u00e0 l\u2019occasion de sa visite sur le terrain, samedi, \u00e0 certaines installations en cours de r\u00e9alisation dans le cadre de ce programme, \u00e0 commencer par le centre de sant\u00e9 de Sokogim, (moughataa du Ksar, Nouakchott Ouest), jusqu\u2019au tron\u00e7on routier reliant le carrefour appel\u00e9 localement \u00ab Carrefour El Berad \u00bb et l\u2019h\u00f4tel Sabah.<\/p>\n<p>Le Premier ministre a exhort\u00e9 les responsables de la mise en \u0153uvre de ces projets \u00e0 acc\u00e9l\u00e9rer leurs travaux afin de les achever dans les d\u00e9lais, notant que le Pr\u00e9sident de la R\u00e9publique a engag\u00e9 le gouvernement \u00e0 suivre ces projets jusqu\u2019\u00e0 ce qu\u2019ils soient livr\u00e9s dans les d\u00e9lais impartis.<\/p>\n<p>Dans une d\u00e9claration \u00e0 l\u2019Agence Mauritanienne d\u2019Information, le Premier Ministre a expliqu\u00e9 que la visite a comport\u00e9 des dizaines de chantiers et trois composantes du programme d\u2019urgence pour la ville de Nouakchott, qui a \u00e9t\u00e9 pr\u00e9par\u00e9 sur instructions du Pr\u00e9sident de la R\u00e9publique, Monsieur Mohamed Ould Cheikh El Ghazouani, en ex\u00e9cution de ses engagements envers le peuple mauritanien.<\/p>\n<p>Il a indiqu\u00e9 que le gouvernement a \u00e9t\u00e9 engag\u00e9, d\u00e8s sa nomination, parall\u00e8lement aux programmes de d\u00e9veloppement qu\u2019il est cens\u00e9 entreprendre pour stimuler l\u2019\u00e9conomie et construire une grande infrastructure dans le domaine des routes, des ponts, de l\u2019eau et de l\u2019\u00e9lectricit\u00e9, d\u2019accorder une attention urgente aux programmes de d\u00e9veloppement dans toutes les wilayas afin de r\u00e9soudre les probl\u00e8mes urgents du citoyen mauritanien.<\/p>\n<p>Dans ce contexte, le Pr\u00e9sident de la R\u00e9publique a donn\u00e9 des instructions une semaine apr\u00e8s la formation du gouvernement pour la mise en \u0153uvre d\u2019un programme pilote ciblant la ville de Nouakchott afin de r\u00e9pondre \u00e0 tous les besoins n\u00e9cessaires des citoyens, a-t-il ajout\u00e9, soulignant que ce programme, qui a \u00e9t\u00e9 pr\u00e9par\u00e9 de mani\u00e8re participative, vise \u00e0 r\u00e9pondre aux priorit\u00e9s des citoyens dans des domaines importants tels que la sant\u00e9, l\u2019\u00e9ducation, l\u2019eau, l\u2019\u00e9lectricit\u00e9, le d\u00e9senclavement, les routes, les infrastructures sportives, l\u2019environnement et le reboisement.<\/p>\n<p>Il a indiqu\u00e9 que ces domaines ont \u00e9t\u00e9 identifi\u00e9s par les repr\u00e9sentants des habitants de Nouakchott et l\u2019administration locale, apr\u00e8s quoi le programme a \u00e9t\u00e9 pr\u00e9par\u00e9, approuv\u00e9 et a commenc\u00e9 \u00e0 \u00eatre mis en \u0153uvre.<\/p>\n<p>Il a expliqu\u00e9 que cet important programme, qui a \u00e9t\u00e9 mis en \u0153uvre sous les hautes instructions du Pr\u00e9sident de la R\u00e9publique, conform\u00e9ment \u00e0 ses engagements dans son programme \u00e9lectoral \u00ab Mon Ambition pour la Nation \u00bb, a mobilis\u00e9 les ressources n\u00e9cessaires pour sa mise en \u0153uvre en allouant plus de 57 milliards d\u2019anciennes ouguiyas pour sa mise en \u0153uvre.<\/p>\n<p>Il a ajout\u00e9 que Son Excellence le Pr\u00e9sident de la R\u00e9publique a donn\u00e9 des instructions strictes dans quatre domaines sp\u00e9cifiques, notamment la r\u00e9alisation du programme dans un d\u00e9lai de 16 mois, sa r\u00e9alisation conform\u00e9ment aux cahiers des charges, sa r\u00e9alisation de mani\u00e8re transparente \u00e0 travers des appels d\u2019offres libres de toute interf\u00e9rence et le suivi des travaux de r\u00e9alisation sur le terrain.<\/p>\n<p>Le Premier ministre a indiqu\u00e9 que son Excellence le Pr\u00e9sident de la R\u00e9publique a ordonn\u00e9 ces visites sur le terrain au cours des derniers jours, notant que le programme compte maintenant plus de 280 chantiers ouverts dans la capitale Nouakchott, et qu\u2019il y a encore une centaine de chantiers qui seront lanc\u00e9s dans les jours \u00e0 venir.<\/p>\n<p>La visite d\u2019aujourd\u2019hui a port\u00e9 sur les volets de l\u2019\u00e9ducation, de la sant\u00e9 et des routes, a-t-il d\u00e9clar\u00e9, notant que le volet \u00e9ducation compte environ 180 chantiers ouverts, dont 74 sont en cours de r\u00e9alisation, tandis que les autres sont principalement li\u00e9s \u00e0 la r\u00e9habilitation, qui est difficile \u00e0 r\u00e9aliser pendant l\u2019ann\u00e9e scolaire. Le volet sant\u00e9 comprend 28 centres de sant\u00e9 dans lesquels les travaux sont en cours de r\u00e9alisation, et le volet routes comprend 136 kilom\u00e8tres de routes r\u00e9parties sur 42 axes, dont 17 sont actuellement en cours de construction.<\/p>\n<p>Le Premier ministre a indiqu\u00e9 que l\u2019\u00e9tat d\u2019avancement des travaux dans ces trois composantes est en nette am\u00e9lioration par rapport \u00e0 la derni\u00e8re visite, soulignant la n\u00e9cessit\u00e9 de respecter les d\u00e9lais fix\u00e9s pour la mise en \u0153uvre des diff\u00e9rentes composantes de ce programme.<\/p>\n<p>Il a soulign\u00e9 que le programme est mis en \u0153uvre dans les d\u00e9lais pr\u00e9vus, malgr\u00e9 le caract\u00e8re exceptionnel du programme, et que les entreprises qui supervisent la mise en \u0153uvre ont la capacit\u00e9 et la volont\u00e9 de respecter les \u00e9ch\u00e9ances.<\/p>\n<p>Il a pr\u00e9cis\u00e9 qu\u2019il n\u2019y a pas de plaintes concernant les appels d\u2019offres, ni de retards dans le paiement des tranches financi\u00e8res, ni de plaintes concernant une quelconque obstruction de la part de l\u2019administration.<\/p>\n<p>Au cours de cette visite, le Premier Ministre \u00e9tait accompagn\u00e9 du Ministre charg\u00e9 du Secr\u00e9tariat G\u00e9n\u00e9ral du Gouvernement, du Ministre de l\u2019Habitat, de l\u2019Urbanisme et de l\u2019Am\u00e9nagement du Territoire, du Ministre de l\u2019Equipement et des Transports, du D\u00e9l\u00e9gu\u00e9 G\u00e9n\u00e9ral \u00e0 la Solidarit\u00e9 Nationale et \u00e0 la Lutte contre l\u2019Exclusion (TAAZOUR), du Directeur de Cabinet du Premier Ministre, des walis des trois wilayas de Nouakchott, des hakems des moughataas et des maires des communes de Nouakchott, ainsi que de plusieurs membres de l\u2019\u00e9quipe du Premier Ministre.<br \/>\nAmi<\/p>\n","protected":false},"excerpt":{"rendered":"<p>Le Premier ministre, M. El Moctar Ould Djay a soulign\u00e9 la n\u00e9cessit\u00e9 d\u2019acc\u00e9l\u00e9rer les travaux des chantiers de mise en \u0153uvre des composantes du programme d\u2019urgence pour la ville de Nouakchott, lanc\u00e9 le 20 janvier dernier par le Pr\u00e9sident de la R\u00e9publique, Son Excellence Monsieur Mohamed Ould Cheikh El Ghazouani. C\u2019\u00e9tait \u00e0 l\u2019occasion de sa &hellip;<\/p>\n","protected":false},"author":2,"featured_media":15166,"comment_status":"open","ping_status":"open","sticky":false,"template":"","format":"standard","meta":{"footnotes":""},"categories":[18,2],"tags":[],"class_list":["post-15165","post","type-post","status-publish","format-standard","has-post-thumbnail","hentry","category-actualites","category-economie"],"_links":{"self":[{"href":"https:\/\/ladepeche.mr\/index.php?rest_route=\/wp\/v2\/posts\/15165","targetHints":{"allow":["GET"]}}],"collection":[{"href":"https:\/\/ladepeche.mr\/index.php?rest_route=\/wp\/v2\/posts"}],"about":[{"href":"https:\/\/ladepeche.mr\/index.php?rest_route=\/wp\/v2\/types\/post"}],"author":[{"embeddable":true,"href":"https:\/\/ladepeche.mr\/index.php?rest_route=\/wp\/v2\/users\/2"}],"replies":[{"embeddable":true,"href":"https:\/\/ladepeche.mr\/index.php?rest_route=%2Fwp%2Fv2%2Fcomments&post=15165"}],"version-history":[{"count":1,"href":"https:\/\/ladepeche.mr\/index.php?rest_route=\/wp\/v2\/posts\/15165\/revisions"}],"predecessor-version":[{"id":15167,"href":"https:\/\/ladepeche.mr\/index.php?rest_route=\/wp\/v2\/posts\/15165\/revisions\/15167"}],"wp:featuredmedia":[{"embeddable":true,"href":"https:\/\/ladepeche.mr\/index.php?rest_route=\/wp\/v2\/media\/15166"}],"wp:attachment":[{"href":"https:\/\/ladepeche.mr\/index.php?rest_route=%2Fwp%2Fv2%2Fmedia&parent=15165"}],"wp:term":[{"taxonomy":"category","embeddable":true,"href":"https:\/\/ladepeche.mr\/index.php?rest_route=%2Fwp%2Fv2%2Fcategories&post=15165"},{"taxonomy":"post_tag","embeddable":true,"href":"https:\/\/ladepeche.mr\/index.php?rest_route=%2Fwp%2Fv2%2Ftags&post=15165"}],"curies":[{"name":"wp","href":"https:\/\/api.w.org\/{rel}","templated":true}]}}