{"id":15168,"date":"2025-04-21T12:00:00","date_gmt":"2025-04-21T12:00:00","guid":{"rendered":"https:\/\/ladepeche.mr\/?p=15168"},"modified":"2025-04-21T12:00:00","modified_gmt":"2025-04-21T12:00:00","slug":"le-pape-francois-est-mort","status":"publish","type":"post","link":"https:\/\/ladepeche.mr\/?p=15168","title":{"rendered":"Le pape Fran\u00e7ois est mort"},"content":{"rendered":"<p>Vous pouvez partager un article en cliquant sur les ic\u00f4nes de partage en haut \u00e0 droite de celui-ci.<br \/>\nLa reproduction totale ou partielle d\u2019un article, sans l\u2019autorisation \u00e9crite et pr\u00e9alable du Monde, est strictement interdite.<br \/>\nPour plus d\u2019informations, consultez nos conditions g\u00e9n\u00e9rales de vente.<br \/>\nPour toute demande d\u2019autorisation, contactez syndication@lemonde.fr.<br \/>\nEn tant qu\u2019abonn\u00e9, vous pouvez offrir jusqu\u2019\u00e0 cinq articles par mois \u00e0 l\u2019un de vos proches gr\u00e2ce \u00e0 la fonctionnalit\u00e9 \u00ab Offrir un article \u00bb. <\/p>\n<p>Elu au si\u00e8ge de Pierre en mars\u00a02013, l\u2019Argentin Jorge Mario Bergoglio est le premier pape sud-am\u00e9ricain. Vu par les uns comme un r\u00e9formateur audacieux, laxiste dans la d\u00e9fense de la tradition par les autres, le souverain pontife a eu \u00e0 affronter les scandales de violences sexuelles dans le clerg\u00e9. Il est mort lundi 21\u00a0avril, \u00e0 l\u2019\u00e2ge de\u00a088\u00a0ans, a annonc\u00e9 le Vatican.<\/p>\n<p>Courageux novateur pour les uns, pernicieux agitateur pour d\u2019autres, Jorge Mario Bergoglio, port\u00e9 au si\u00e8ge de Pierre sous le nom de Fran\u00e7ois, est mort lundi 21\u00a0avril \u00e0 7\u00a0h 35, \u00e0 l\u2019\u00e2ge de 88\u00a0ans, a annonc\u00e9 le Vatican. Pendant son pontificat, le premier pape latino-am\u00e9ricain aura bouscul\u00e9 les catholiques autant qu\u2019il aura s\u00e9duit au-del\u00e0 d\u2019eux. D\u00e9fenseur inlassable des pauvres, des migrants, de la plan\u00e8te saccag\u00e9e, de l\u2019entente interreligieuse, pourfendeur de la cancel culture et de l\u2019\u00ab\u00a0id\u00e9ologie du genre\u00a0\u00bb, se d\u00e9finissant avant tout comme un \u00ab\u00a0fils de l\u2019Eglise\u00a0\u00bb, ce pape s\u2019est jou\u00e9 des cat\u00e9gories paresseuses.<\/p>\n<p>Les progressistes ont voulu voir en lui l\u2019un des leurs apr\u00e8s la longue \u00e8re conservatrice de Jean\u00a0Paul II et de Beno\u00eet\u00a0XVI. Ils n\u2019ont pas pip\u00e9 mot lorsqu\u2019il a compar\u00e9 le recours \u00e0 l\u2019IVG \u00e0 l\u2019embauche d\u2019un \u00ab\u00a0tueur \u00e0 gages\u00a0\u00bb. Les catholiques conservateurs, champions des \u00ab\u00a0racines chr\u00e9tiennes\u00a0\u00bb ou tent\u00e9s par le rite ancien, se sont \u00e9trangl\u00e9s quand il a vant\u00e9 une soci\u00e9t\u00e9 \u00ab\u00a0multiculturelle\u00a0\u00bb et marginalis\u00e9 la messe en latin. Avec Bergoglio l\u2019Argentin, les lignes politiques habituelles ne recoupaient pas toujours celles du Credo.<br \/>\nhttps:\/\/www.lemonde.fr\/disparitions\/article\/2025\/04\/21\/le-pape-francois-est-mort_6598504_3382.html?lmd_medium=pushweb&#038;lmd_campaign=pushweb&#038;lmd_titre=le_pape_francois_est_mort_au_vatican_a_l_age_de_88_ans&#038;lmd_ID=<\/p>\n","protected":false},"excerpt":{"rendered":"<p>Vous pouvez partager un article en cliquant sur les ic\u00f4nes de partage en haut \u00e0 droite de celui-ci. La reproduction totale ou partielle d\u2019un article, sans l\u2019autorisation \u00e9crite et pr\u00e9alable du Monde, est strictement interdite. Pour plus d\u2019informations, consultez nos conditions g\u00e9n\u00e9rales de vente. Pour toute demande d\u2019autorisation, contactez syndication@lemonde.fr. En tant qu\u2019abonn\u00e9, vous pouvez &hellip;<\/p>\n","protected":false},"author":2,"featured_media":15169,"comment_status":"open","ping_status":"open","sticky":false,"template":"","format":"standard","meta":{"footnotes":""},"categories":[18,29],"tags":[],"class_list":["post-15168","post","type-post","status-publish","format-standard","has-post-thumbnail","hentry","category-actualites","category-monde"],"_links":{"self":[{"href":"https:\/\/ladepeche.mr\/index.php?rest_route=\/wp\/v2\/posts\/15168","targetHints":{"allow":["GET"]}}],"collection":[{"href":"https:\/\/ladepeche.mr\/index.php?rest_route=\/wp\/v2\/posts"}],"about":[{"href":"https:\/\/ladepeche.mr\/index.php?rest_route=\/wp\/v2\/types\/post"}],"author":[{"embeddable":true,"href":"https:\/\/ladepeche.mr\/index.php?rest_route=\/wp\/v2\/users\/2"}],"replies":[{"embeddable":true,"href":"https:\/\/ladepeche.mr\/index.php?rest_route=%2Fwp%2Fv2%2Fcomments&post=15168"}],"version-history":[{"count":1,"href":"https:\/\/ladepeche.mr\/index.php?rest_route=\/wp\/v2\/posts\/15168\/revisions"}],"predecessor-version":[{"id":15170,"href":"https:\/\/ladepeche.mr\/index.php?rest_route=\/wp\/v2\/posts\/15168\/revisions\/15170"}],"wp:featuredmedia":[{"embeddable":true,"href":"https:\/\/ladepeche.mr\/index.php?rest_route=\/wp\/v2\/media\/15169"}],"wp:attachment":[{"href":"https:\/\/ladepeche.mr\/index.php?rest_route=%2Fwp%2Fv2%2Fmedia&parent=15168"}],"wp:term":[{"taxonomy":"category","embeddable":true,"href":"https:\/\/ladepeche.mr\/index.php?rest_route=%2Fwp%2Fv2%2Fcategories&post=15168"},{"taxonomy":"post_tag","embeddable":true,"href":"https:\/\/ladepeche.mr\/index.php?rest_route=%2Fwp%2Fv2%2Ftags&post=15168"}],"curies":[{"name":"wp","href":"https:\/\/api.w.org\/{rel}","templated":true}]}}