{"id":15176,"date":"2025-04-21T13:10:32","date_gmt":"2025-04-21T13:10:32","guid":{"rendered":"https:\/\/ladepeche.mr\/?p=15176"},"modified":"2025-04-21T13:10:32","modified_gmt":"2025-04-21T13:10:32","slug":"plus-netanyahou-restera-au-pouvoir-plus-le-danger-sera-grand","status":"publish","type":"post","link":"https:\/\/ladepeche.mr\/?p=15176","title":{"rendered":"Plus Netanyahou restera au pouvoir, plus le danger sera grand"},"content":{"rendered":"<p>Netanyahou ne prot\u00e8ge pas Isra\u00ebl mais constitue un \u00ab obstacle \u00e0 sa s\u00e9curit\u00e9 \u00bb, a d\u00e9clar\u00e9 le pr\u00e9sident du parti d\u00e9mocrate isra\u00e9lien, Yair Golan, apr\u00e8s un message du premier ministre isra\u00e9lien annon\u00e7ant qu\u2019il ne capitulerait pas face \u00e0 Hamas et ne mettrait pas fin \u00e0 la guerre.<\/p>\n<p>\u00ab Plus il reste, plus le danger est grand. Ce soir, il a annonc\u00e9 officiellement aux familles des otages et \u00e0 l\u2019ensemble de l\u2019opinion publique : J\u2019ai d\u00e9cid\u00e9 de continuer \u00e0 abandonner et \u00e0 sacrifier les otages. Mon maintien sur le tr\u00f4ne est plus important pour moi que la vie de vos proches \u00bb, a \u00e9crit Golan sur X.<\/p>\n<p>\u00ab Nous le ferons tomber, nous sauverons les otages et nous armerons les forces de s\u00e9curit\u00e9.<\/p>\n<p>Provided by SyndiGate Media Inc. (<\/p>\n<p>Syndigate.info via msn.com<\/p>\n","protected":false},"excerpt":{"rendered":"<p>Netanyahou ne prot\u00e8ge pas Isra\u00ebl mais constitue un \u00ab obstacle \u00e0 sa s\u00e9curit\u00e9 \u00bb, a d\u00e9clar\u00e9 le pr\u00e9sident du parti d\u00e9mocrate isra\u00e9lien, Yair Golan, apr\u00e8s un message du premier ministre isra\u00e9lien annon\u00e7ant qu\u2019il ne capitulerait pas face \u00e0 Hamas et ne mettrait pas fin \u00e0 la guerre. \u00ab Plus il reste, plus le danger est &hellip;<\/p>\n","protected":false},"author":2,"featured_media":15177,"comment_status":"open","ping_status":"open","sticky":false,"template":"","format":"standard","meta":{"footnotes":""},"categories":[18,29],"tags":[],"class_list":["post-15176","post","type-post","status-publish","format-standard","has-post-thumbnail","hentry","category-actualites","category-monde"],"_links":{"self":[{"href":"https:\/\/ladepeche.mr\/index.php?rest_route=\/wp\/v2\/posts\/15176","targetHints":{"allow":["GET"]}}],"collection":[{"href":"https:\/\/ladepeche.mr\/index.php?rest_route=\/wp\/v2\/posts"}],"about":[{"href":"https:\/\/ladepeche.mr\/index.php?rest_route=\/wp\/v2\/types\/post"}],"author":[{"embeddable":true,"href":"https:\/\/ladepeche.mr\/index.php?rest_route=\/wp\/v2\/users\/2"}],"replies":[{"embeddable":true,"href":"https:\/\/ladepeche.mr\/index.php?rest_route=%2Fwp%2Fv2%2Fcomments&post=15176"}],"version-history":[{"count":1,"href":"https:\/\/ladepeche.mr\/index.php?rest_route=\/wp\/v2\/posts\/15176\/revisions"}],"predecessor-version":[{"id":15178,"href":"https:\/\/ladepeche.mr\/index.php?rest_route=\/wp\/v2\/posts\/15176\/revisions\/15178"}],"wp:featuredmedia":[{"embeddable":true,"href":"https:\/\/ladepeche.mr\/index.php?rest_route=\/wp\/v2\/media\/15177"}],"wp:attachment":[{"href":"https:\/\/ladepeche.mr\/index.php?rest_route=%2Fwp%2Fv2%2Fmedia&parent=15176"}],"wp:term":[{"taxonomy":"category","embeddable":true,"href":"https:\/\/ladepeche.mr\/index.php?rest_route=%2Fwp%2Fv2%2Fcategories&post=15176"},{"taxonomy":"post_tag","embeddable":true,"href":"https:\/\/ladepeche.mr\/index.php?rest_route=%2Fwp%2Fv2%2Ftags&post=15176"}],"curies":[{"name":"wp","href":"https:\/\/api.w.org\/{rel}","templated":true}]}}