{"id":15186,"date":"2025-04-22T09:40:48","date_gmt":"2025-04-22T09:40:48","guid":{"rendered":"https:\/\/ladepeche.mr\/?p=15186"},"modified":"2025-04-22T09:40:48","modified_gmt":"2025-04-22T09:40:48","slug":"ouverture-des-reunions-de-printemps-des-institutions-financieres-internationales-avec-la-participation-dune-delegation-de-notre-pays","status":"publish","type":"post","link":"https:\/\/ladepeche.mr\/?p=15186","title":{"rendered":"Ouverture des R\u00e9unions de Printemps des institutions financi\u00e8res internationales avec la participation d&#8217;une d\u00e9l\u00e9gation de notre pays"},"content":{"rendered":"<p>Les R\u00e9unions de Printemps du Groupe de la Banque mondiale et du Fonds mon\u00e9taire international (FMI) pour l\u2019ann\u00e9e 2025 ont d\u00e9but\u00e9 ce lundi \u00e0 Washington. Elles se tiennent du 21 au 26 avril courant, avec la participation d\u2019une importante d\u00e9l\u00e9gation mauritanienne conduite par Son Excellence le ministre de l\u2019\u00c9conomie et des Finances, M. Sid&#8217;Ahmed Ould Bouh, accompagn\u00e9 du gouverneur de la Banque centrale de Mauritanie, M. Mohamed Lemine Ould Dhehbi, ainsi que de plusieurs hauts responsables de la Pr\u00e9sidence de la R\u00e9publique, de la Primature, du minist\u00e8re de l\u2019\u00c9conomie et des Finances et de la Banque centrale.<\/p>\n<p>Ces r\u00e9unions, qui rassemblent ministres de l\u2019\u00c9conomie et des Finances, gouverneurs de banques centrales et dirigeants des grandes institutions financi\u00e8res internationales, porteront sur les d\u00e9fis \u00e9conomiques et financiers mondiaux croissants. Parmi les th\u00e8mes majeurs figurent les tensions commerciales, les probl\u00e9matiques li\u00e9es aux droits de douane, la crise de la dette, la r\u00e9forme des institutions financi\u00e8res, le renforcement de la stabilit\u00e9 financi\u00e8re mondiale et la cr\u00e9ation d\u2019emplois.<\/p>\n<p>Outre les rencontres des gouverneurs arabes et africains avec les dirigeants de la Banque mondiale et du FMI, la d\u00e9l\u00e9gation mauritanienne pr\u00e9sentera, lors de sessions d\u00e9di\u00e9es, l\u2019\u00e9tat d\u2019avancement du programme de r\u00e9formes engag\u00e9 avec le FMI. Elle \u00e9voquera \u00e9galement, au cours de ses \u00e9changes avec la direction de la Banque mondiale, la situation du portefeuille de projets financ\u00e9s par cette institution en Mauritanie.<\/p>\n","protected":false},"excerpt":{"rendered":"<p>Les R\u00e9unions de Printemps du Groupe de la Banque mondiale et du Fonds mon\u00e9taire international (FMI) pour l\u2019ann\u00e9e 2025 ont d\u00e9but\u00e9 ce lundi \u00e0 Washington. Elles se tiennent du 21 au 26 avril courant, avec la participation d\u2019une importante d\u00e9l\u00e9gation mauritanienne conduite par Son Excellence le ministre de l\u2019\u00c9conomie et des Finances, M. Sid&#8217;Ahmed Ould &hellip;<\/p>\n","protected":false},"author":2,"featured_media":15187,"comment_status":"open","ping_status":"open","sticky":false,"template":"","format":"standard","meta":{"footnotes":""},"categories":[18,2,29],"tags":[],"class_list":["post-15186","post","type-post","status-publish","format-standard","has-post-thumbnail","hentry","category-actualites","category-economie","category-monde"],"_links":{"self":[{"href":"https:\/\/ladepeche.mr\/index.php?rest_route=\/wp\/v2\/posts\/15186","targetHints":{"allow":["GET"]}}],"collection":[{"href":"https:\/\/ladepeche.mr\/index.php?rest_route=\/wp\/v2\/posts"}],"about":[{"href":"https:\/\/ladepeche.mr\/index.php?rest_route=\/wp\/v2\/types\/post"}],"author":[{"embeddable":true,"href":"https:\/\/ladepeche.mr\/index.php?rest_route=\/wp\/v2\/users\/2"}],"replies":[{"embeddable":true,"href":"https:\/\/ladepeche.mr\/index.php?rest_route=%2Fwp%2Fv2%2Fcomments&post=15186"}],"version-history":[{"count":1,"href":"https:\/\/ladepeche.mr\/index.php?rest_route=\/wp\/v2\/posts\/15186\/revisions"}],"predecessor-version":[{"id":15188,"href":"https:\/\/ladepeche.mr\/index.php?rest_route=\/wp\/v2\/posts\/15186\/revisions\/15188"}],"wp:featuredmedia":[{"embeddable":true,"href":"https:\/\/ladepeche.mr\/index.php?rest_route=\/wp\/v2\/media\/15187"}],"wp:attachment":[{"href":"https:\/\/ladepeche.mr\/index.php?rest_route=%2Fwp%2Fv2%2Fmedia&parent=15186"}],"wp:term":[{"taxonomy":"category","embeddable":true,"href":"https:\/\/ladepeche.mr\/index.php?rest_route=%2Fwp%2Fv2%2Fcategories&post=15186"},{"taxonomy":"post_tag","embeddable":true,"href":"https:\/\/ladepeche.mr\/index.php?rest_route=%2Fwp%2Fv2%2Ftags&post=15186"}],"curies":[{"name":"wp","href":"https:\/\/api.w.org\/{rel}","templated":true}]}}