{"id":15194,"date":"2025-04-23T13:49:55","date_gmt":"2025-04-23T13:49:55","guid":{"rendered":"https:\/\/ladepeche.mr\/?p=15194"},"modified":"2025-04-23T13:50:24","modified_gmt":"2025-04-23T13:50:24","slug":"vers-un-multilateralisme-inclusif-les-refl-exions-dahmedou-ould-abdallah-au-sommet-africa-political-outlook-communique","status":"publish","type":"post","link":"https:\/\/ladepeche.mr\/?p=15194","title":{"rendered":"Vers un Multilat\u00e9ralisme Inclusif : Les R\u00e9flexions d&#8217;Ahmedou Ould Abdallah au Sommet Africa Political Outlook (communiqu\u00e9)"},"content":{"rendered":"<p>Bruxelles \u2013 Le sommet Africa Political Outlook, qui s&#8217;est tenu le 25 et 26 mars \u00e0 Bruxelles, a offert une tribune captivante pour examiner les dynamiques changeantes des relations internationales \u00e0 l&#8217;\u00e8re du Sud global. Alors que le monde se trouve \u00e0 un carrefour, confront\u00e9 \u00e0 la crise du multilat\u00e9ralisme, les intervenants ont insist\u00e9 sur la n\u00e9cessit\u00e9 de forger un ordre international plus \u00e9quitable et inclusif, capable de refl \u00e9ter l&#8217;impact croissant des nations \u00e9mergentes.<br \/>\nAhmedou Ould Abdallah, ancien repr\u00e9sentant des Nations Unies, a captiv\u00e9 l&#8217;audience par ses r\u00e9fl exions \u00e9clair\u00e9es sur la transformation des alignements g\u00e9opolitiques traditionnels. Avec une sagacit\u00e9 rare, il a mis en lumi\u00e8re les incertitudes actuelles entourant les organisations internationales, qui doivent naviguer dans un paysage de contestation croissante et de d\u00e9fi s internes. Abdallah a express\u00e9ment soulign\u00e9 que la mont\u00e9e des r\u00e9gimes populistes et autoritaires menace de saper les valeurs fondamentales sur lesquelles reposent les structures de gouvernance mondiales.<br \/>\nPortant un regard optimiste mais vigilant, il a exhort\u00e9 les pays africains \u00e0 adopter une posture proactive dans le dialogue international, affi rmant que le temps est venu pour le continent de revendiquer avec force sa place dans les processus d\u00e9cisionnels globaux. L&#8217;ancien diplomate a d\u00e9fendu l&#8217;id\u00e9e que le v\u00e9ritable potentiel africain r\u00e9side dans sa capacit\u00e9 \u00e0 surmonter ses d\u00e9fi s internes, tout en forgeant des alliances strat\u00e9giques avec d&#8217;autres nations d\u00e9sireuses de r\u00e9former l&#8217;ordre mondial.<br \/>\nAbdallah a \u00e9galement abord\u00e9 les n\u00e9cessaires r\u00e9formes du Conseil de s\u00e9curit\u00e9 de l&#8217;ONU, plaidant avec ferveur pour une repr\u00e9sentation plus \u00e9quitable des pays africains. Il a r\u00e9affi rm\u00e9 que ces r\u00e9formes doivent \u00eatre envisag\u00e9es en tenant compte des r\u00e9alit\u00e9s g\u00e9opolitiques contemporaines et de la volont\u00e9 des \u00c9tats puissants de s&#8217;engager dans une v\u00e9ritable transformation du paysage international.<br \/>\nL\u2019Africa Political Outlook a \u00e9t\u00e9 une plateforme o\u00f9 les voix africaines, comme celles d&#8217;Ahmedou Ould Abdallah, ont su r\u00e9sonner avec force, apportant des perspectives essentielles sur la n\u00e9cessit\u00e9 d&#8217;un multilat\u00e9ralisme repens\u00e9. Les r\u00e9fl exions partag\u00e9es ont permis d&#8217;imaginer un avenir dans lequel l&#8217;Afrique, forte et unie, joue un r\u00f4le central et respect\u00e9 dans le fa\u00e7onnement d\u2019un monde plus juste et inclusif.<br \/>\nEn outre, il est important de mettre en avant d&#8217;autres postes signifi catifs occup\u00e9s par Ahmedou Ould Abdallah : il a \u00e9t\u00e9 ambassadeur de Mauritanie de 1968 \u00e0 1985, et a exerc\u00e9 les fonctions de ministre des Affaires \u00e9trang\u00e8res et de la Coop\u00e9ration, ainsi que de ministre du Commerce et des Transports.<br \/>\nL\u2019Africa Political Outlook s\u2019impose ainsi comme une plateforme strat\u00e9gique pour faire entendre les priorit\u00e9s africaines dans la gouvernance globale.<\/p>\n","protected":false},"excerpt":{"rendered":"<p>Bruxelles \u2013 Le sommet Africa Political Outlook, qui s&#8217;est tenu le 25 et 26 mars \u00e0 Bruxelles, a offert une tribune captivante pour examiner les dynamiques changeantes des relations internationales \u00e0 l&#8217;\u00e8re du Sud global. Alors que le monde se trouve \u00e0 un carrefour, confront\u00e9 \u00e0 la crise du multilat\u00e9ralisme, les intervenants ont insist\u00e9 sur &hellip;<\/p>\n","protected":false},"author":2,"featured_media":15195,"comment_status":"open","ping_status":"open","sticky":false,"template":"","format":"standard","meta":{"footnotes":""},"categories":[18,29],"tags":[],"class_list":["post-15194","post","type-post","status-publish","format-standard","has-post-thumbnail","hentry","category-actualites","category-monde"],"_links":{"self":[{"href":"https:\/\/ladepeche.mr\/index.php?rest_route=\/wp\/v2\/posts\/15194","targetHints":{"allow":["GET"]}}],"collection":[{"href":"https:\/\/ladepeche.mr\/index.php?rest_route=\/wp\/v2\/posts"}],"about":[{"href":"https:\/\/ladepeche.mr\/index.php?rest_route=\/wp\/v2\/types\/post"}],"author":[{"embeddable":true,"href":"https:\/\/ladepeche.mr\/index.php?rest_route=\/wp\/v2\/users\/2"}],"replies":[{"embeddable":true,"href":"https:\/\/ladepeche.mr\/index.php?rest_route=%2Fwp%2Fv2%2Fcomments&post=15194"}],"version-history":[{"count":2,"href":"https:\/\/ladepeche.mr\/index.php?rest_route=\/wp\/v2\/posts\/15194\/revisions"}],"predecessor-version":[{"id":15197,"href":"https:\/\/ladepeche.mr\/index.php?rest_route=\/wp\/v2\/posts\/15194\/revisions\/15197"}],"wp:featuredmedia":[{"embeddable":true,"href":"https:\/\/ladepeche.mr\/index.php?rest_route=\/wp\/v2\/media\/15195"}],"wp:attachment":[{"href":"https:\/\/ladepeche.mr\/index.php?rest_route=%2Fwp%2Fv2%2Fmedia&parent=15194"}],"wp:term":[{"taxonomy":"category","embeddable":true,"href":"https:\/\/ladepeche.mr\/index.php?rest_route=%2Fwp%2Fv2%2Fcategories&post=15194"},{"taxonomy":"post_tag","embeddable":true,"href":"https:\/\/ladepeche.mr\/index.php?rest_route=%2Fwp%2Fv2%2Ftags&post=15194"}],"curies":[{"name":"wp","href":"https:\/\/api.w.org\/{rel}","templated":true}]}}