{"id":15198,"date":"2025-04-23T17:00:53","date_gmt":"2025-04-23T17:00:53","guid":{"rendered":"https:\/\/ladepeche.mr\/?p=15198"},"modified":"2025-04-23T18:40:17","modified_gmt":"2025-04-23T18:40:17","slug":"citoyennete-tolerance-zero","status":"publish","type":"post","link":"https:\/\/ladepeche.mr\/?p=15198","title":{"rendered":"Citoyennet\u00e9 : Tol\u00e9rance z\u00e9ro !"},"content":{"rendered":"<p>L\u2019Etat doit pr\u00f4ner l\u2019intol\u00e9rance totale via-\u00e0-vis de la force publique quand elle est utilis\u00e9e \u00e0 mauvaise escient. C\u2019est la seule mesure, en l\u2019absence d\u2019un \u00e9tat-civil g\u00e9n\u00e9ralis\u00e9, capable de fermer la porte aux appels \u00e0 la haine et \u00e0 la division que le refoulement des \u00e9trangers nourrit au d\u00e9triment de d\u00e9nonciations responsables des risques d\u2019abus contre des nationaux.<\/p>\n<p>Plusieurs hommes et mouvements politiques sont d\u00e9j\u00e0 mont\u00e9s au cr\u00e9neau pour d\u00e9noncer les abus de la police qui refoulerait, parfois, indistinctement des citoyens \u00e0 part enti\u00e8re. Ces erreurs fatales et inadmissibles servent aussi certaines vendettas de groupuscules mont\u00e9s \u00e0 l\u2019\u00e9chafaud afin surtout d\u2019ass\u00e9ner la guillotine \u00e0 tous. Une tentative visant \u00e0 entretenir la confusion pour alimenter le moulin de la \u00abdivisionite\u00bb. Une strat\u00e9gie enfourch\u00e9e comme moyen pour mener un combat politique, loin malheureusement d\u2019\u00eatre innocent.<br \/>\nPersonne ne peut trouver \u00e0 redire sur les intentions des autorit\u00e9s \u00e0 assainir la situation des migrants irr\u00e9guliers transitant par le pays pour braver l\u2019oc\u00e9an au p\u00e9ril de leurs vies. Mais les risques de d\u00e9bordement auxquels on peut assister lors de ces op\u00e9rations de refoulement t\u00e9moignent, sans doute, malgr\u00e9 les efforts consentis par l\u2019Etat, de la r\u00e9surgence de la d\u00e9licate question de l\u2019efficacit\u00e9 de l\u2019enr\u00f4lement biom\u00e9trique.<br \/>\nCar, il est, en effet, anormal qu\u2019en 2025, des citoyens n\u2019aient pas \u00e9t\u00e9 encore d\u00fbment enregistr\u00e9s par ce biais. Des op\u00e9rations de recensement qui ont dur\u00e9, il faut-il le rappeler, depuis 2011 jusqu\u2019en fin 2023. Le pr\u00e9sident lui-m\u00eame avait exig\u00e9, lors d\u2019un discours \u00e0 Ka\u00e9di, dans la vall\u00e9e, qu\u2019aucun mauritanien ne soit laiss\u00e9 en rade de cet enr\u00f4lement biom\u00e9trique. Des imams, des notables auraient \u00e9t\u00e9 mis \u00e0 contribution pour \u00e9tablir les identit\u00e9s et fournir les documents par l\u2019Agence Nationale du Registre des Populations et des Titres s\u00e9curis\u00e9s (ANRPTS). Dans cette optique, le minist\u00e8re de l\u2019int\u00e9rieur avait m\u00eame opt\u00e9 pour un mode de proximit\u00e9 permettant \u00e0 des villages recul\u00e9s ou enclav\u00e9s de recevoir des missions De l\u2019ANRPTS aux fins de l\u2019enr\u00f4lement biom\u00e9trique.<br \/>\nLa confrontation de l\u2019enr\u00f4lement biom\u00e9trique avec la r\u00e9alit\u00e9 de terrain, \u00e0 la faveur des op\u00e9rations de refoulement des \u00e9trangers, montre quelques failles que l\u2019Etat doit colmater. L\u2019Etat devrait, en effet, trouver les ressorts pour faire la part des choses entre nationaux et \u00e9trangers quand les premiers ne peuvent pr\u00e9senter des documents officiels biom\u00e9triques. Le t\u00e9moignage des sages et les donn\u00e9es objectives sur la personne devraient lever toute \u00e9quivoque sur son appartenance \u00e0 la communaut\u00e9.  Il va sans dire, dans les circonstances actuelles, que pour fermer herm\u00e9tiquement la porte aux d\u00e9passements que les autorit\u00e9s publiques charg\u00e9es du refoulement des \u00e9trangers en situation irr\u00e9guli\u00e8re n\u2019ont aucun droit \u00e0 l\u2019erreur ou \u00e0 susciter la confusion dont profitent les activistes des eaux troubles pour \u00e9corner l\u2019image de la cohabitation entre les diff\u00e9rentes communaut\u00e9s. Un discours haineux que l\u2019Etat ne devrait pas tol\u00e9rer en recourant aux lois en vigueur sur ces questions. Car, personne n\u2019est au-dessus des lois. L&#8217;Etat devrait, par ailleurs, favoriser la r\u00e9gularisation des titres de s\u00e9jour dans les limites qu&#8217;il s&#8217;est lui-m\u00eame fix\u00e9 afin d&#8217;att\u00e9nuer cette pol\u00e9mique sur le refoulement des \u00e9trangers en situation irr\u00e9guli\u00e8re.<br \/>\nDe leurs c\u00f4t\u00e9s, les forces de l\u2019ordre, qu\u2019il s\u2019agisse de la police et ou la gendarmerie ou toute autre administration charg\u00e9e de mener \u00e0 bien les op\u00e9rations de refoulement des \u00e9trangers en situation irr\u00e9guli\u00e8re vers les fronti\u00e8res, ont l\u2019obligation de mener leur mission, sans coup f\u00e9rir mais dans le respect de la dignit\u00e9 humaines des personnes appr\u00e9hend\u00e9es.<br \/>\nJD <\/p>\n","protected":false},"excerpt":{"rendered":"<p>L\u2019Etat doit pr\u00f4ner l\u2019intol\u00e9rance totale via-\u00e0-vis de la force publique quand elle est utilis\u00e9e \u00e0 mauvaise escient. C\u2019est la seule mesure, en l\u2019absence d\u2019un \u00e9tat-civil g\u00e9n\u00e9ralis\u00e9, capable de fermer la porte aux appels \u00e0 la haine et \u00e0 la division que le refoulement des \u00e9trangers nourrit au d\u00e9triment de d\u00e9nonciations responsables des risques d\u2019abus contre &hellip;<\/p>\n","protected":false},"author":2,"featured_media":15199,"comment_status":"open","ping_status":"open","sticky":false,"template":"","format":"standard","meta":{"footnotes":""},"categories":[18],"tags":[],"class_list":["post-15198","post","type-post","status-publish","format-standard","has-post-thumbnail","hentry","category-actualites"],"_links":{"self":[{"href":"https:\/\/ladepeche.mr\/index.php?rest_route=\/wp\/v2\/posts\/15198","targetHints":{"allow":["GET"]}}],"collection":[{"href":"https:\/\/ladepeche.mr\/index.php?rest_route=\/wp\/v2\/posts"}],"about":[{"href":"https:\/\/ladepeche.mr\/index.php?rest_route=\/wp\/v2\/types\/post"}],"author":[{"embeddable":true,"href":"https:\/\/ladepeche.mr\/index.php?rest_route=\/wp\/v2\/users\/2"}],"replies":[{"embeddable":true,"href":"https:\/\/ladepeche.mr\/index.php?rest_route=%2Fwp%2Fv2%2Fcomments&post=15198"}],"version-history":[{"count":2,"href":"https:\/\/ladepeche.mr\/index.php?rest_route=\/wp\/v2\/posts\/15198\/revisions"}],"predecessor-version":[{"id":15212,"href":"https:\/\/ladepeche.mr\/index.php?rest_route=\/wp\/v2\/posts\/15198\/revisions\/15212"}],"wp:featuredmedia":[{"embeddable":true,"href":"https:\/\/ladepeche.mr\/index.php?rest_route=\/wp\/v2\/media\/15199"}],"wp:attachment":[{"href":"https:\/\/ladepeche.mr\/index.php?rest_route=%2Fwp%2Fv2%2Fmedia&parent=15198"}],"wp:term":[{"taxonomy":"category","embeddable":true,"href":"https:\/\/ladepeche.mr\/index.php?rest_route=%2Fwp%2Fv2%2Fcategories&post=15198"},{"taxonomy":"post_tag","embeddable":true,"href":"https:\/\/ladepeche.mr\/index.php?rest_route=%2Fwp%2Fv2%2Ftags&post=15198"}],"curies":[{"name":"wp","href":"https:\/\/api.w.org\/{rel}","templated":true}]}}