{"id":15203,"date":"2025-04-23T16:31:59","date_gmt":"2025-04-23T16:31:59","guid":{"rendered":"https:\/\/ladepeche.mr\/?p=15203"},"modified":"2025-04-23T16:36:16","modified_gmt":"2025-04-23T16:36:16","slug":"ratification-de-laccord-de-pret-pour-le-programme-awkar-phase-ile-ministre-delegue-charge-du-budget-expose-devant-la-commission-des-affaires-economiques-le-projet-de-loi","status":"publish","type":"post","link":"https:\/\/ladepeche.mr\/?p=15203","title":{"rendered":"Ratification de l\u2019accord de pr\u00eat pour le Programme AWKAR \u2013 Phase I:Le ministre d\u00e9l\u00e9gu\u00e9 charg\u00e9 du Budget expose le projet de loi"},"content":{"rendered":"<p>Son Excellence le ministre d\u00e9l\u00e9gu\u00e9 aupr\u00e8s du ministre de l\u2019\u00c9conomie et des Finances, charg\u00e9 du Budget, M. Codioro Moussa N\u2019Guenore, a pr\u00e9sent\u00e9 devant la Commission des Affaires \u00e9conomiques de l\u2019Assembl\u00e9e nationale, pr\u00e9sid\u00e9e par le d\u00e9put\u00e9 Khally Mamadou Diallo, un expos\u00e9 ax\u00e9 sur l\u2019examen du projet de loi n\u00b025-013 autorisant la ratification de l\u2019accord de pr\u00eat sign\u00e9 le 28 janvier 2025 entre la R\u00e9publique Islamique de Mauritanie et le Fonds Africain de D\u00e9veloppement (FAD).<br \/>\nCe financement vise \u00e0 appuyer la mise en \u0153uvre de la premi\u00e8re phase du Programme de D\u00e9veloppement Inclusif des Fili\u00e8res d\u2019\u00c9levage dans la Zone AWKAR (AWKAR \u2013 phase I),.<br \/>\nDans son intervention, le ministre a soulign\u00e9 que l\u2019objectif de ce programme prioritaire inscrit dans le Plan d\u2019action de la SCAPP, est de renforcer la s\u00e9curit\u00e9 alimentaire et nutritionnelle, de valoriser les ressources agro-pastorales de la zone du Hodh Chargui, et de promouvoir l\u2019entrepreneuriat des jeunes et des femmes.<br \/>\nIl a pr\u00e9cis\u00e9 que le pr\u00eat _ d&#8217;un montant de 18,3 millions d\u2019Unit\u00e9s de Compte (UC), soit 954,3 millions MRU, remboursables sur une p\u00e9riode de 30 ans, dont 5 ans de diff\u00e9r\u00e9_ est assorti de conditions jug\u00e9es concessionnelles, avec un taux d\u2019int\u00e9r\u00eat annuel de 1 %, une commission de service de 1 % et une commission d\u2019engagement de 0,75 %. \u201cCes dispositions en font un mod\u00e8le r\u00e9ussi de mobilisation de financements ext\u00e9rieurs \u00e0 des conditions adapt\u00e9es aux projets prioritaires\u201d, a-t-il not\u00e9. <\/p>\n<p>Le ministre a par ailleurs soulign\u00e9 que le programme s\u2019articule autour de trois composantes : le d\u00e9veloppement des infrastructures agro-pastorales et socio\u00e9ducatives de base ; le d\u00e9veloppement des cha\u00eenes de valeur et la promotion de l\u2019entrepreneuriat f\u00e9minin et des jeunes ; ainsi que la coordination et la gestion du programme.<br \/>\n Environ 100 440 b\u00e9n\u00e9ficiaires directs et 334 178 b\u00e9n\u00e9ficiaires indirects seront cibl\u00e9s par le projet. <\/p>\n<p>Au cours des \u00e9changes, les d\u00e9put\u00e9s membres de la commission ont formul\u00e9 plusieurs observations, amendements et suggestions visant \u00e0 enrichir et \u00e0 am\u00e9liorer le projet de loi soumis \u00e0 leur examen, tout en saluant les \u00e9claircissements apport\u00e9s par le ministre sur les objectifs et les modalit\u00e9s de ce projet de d\u00e9veloppement structurant.<br \/>\nTitre LDM<\/p>\n","protected":false},"excerpt":{"rendered":"<p>Son Excellence le ministre d\u00e9l\u00e9gu\u00e9 aupr\u00e8s du ministre de l\u2019\u00c9conomie et des Finances, charg\u00e9 du Budget, M. Codioro Moussa N\u2019Guenore, a pr\u00e9sent\u00e9 devant la Commission des Affaires \u00e9conomiques de l\u2019Assembl\u00e9e nationale, pr\u00e9sid\u00e9e par le d\u00e9put\u00e9 Khally Mamadou Diallo, un expos\u00e9 ax\u00e9 sur l\u2019examen du projet de loi n\u00b025-013 autorisant la ratification de l\u2019accord de pr\u00eat &hellip;<\/p>\n","protected":false},"author":2,"featured_media":15204,"comment_status":"open","ping_status":"open","sticky":false,"template":"","format":"standard","meta":{"footnotes":""},"categories":[18,2],"tags":[],"class_list":["post-15203","post","type-post","status-publish","format-standard","has-post-thumbnail","hentry","category-actualites","category-economie"],"_links":{"self":[{"href":"https:\/\/ladepeche.mr\/index.php?rest_route=\/wp\/v2\/posts\/15203","targetHints":{"allow":["GET"]}}],"collection":[{"href":"https:\/\/ladepeche.mr\/index.php?rest_route=\/wp\/v2\/posts"}],"about":[{"href":"https:\/\/ladepeche.mr\/index.php?rest_route=\/wp\/v2\/types\/post"}],"author":[{"embeddable":true,"href":"https:\/\/ladepeche.mr\/index.php?rest_route=\/wp\/v2\/users\/2"}],"replies":[{"embeddable":true,"href":"https:\/\/ladepeche.mr\/index.php?rest_route=%2Fwp%2Fv2%2Fcomments&post=15203"}],"version-history":[{"count":2,"href":"https:\/\/ladepeche.mr\/index.php?rest_route=\/wp\/v2\/posts\/15203\/revisions"}],"predecessor-version":[{"id":15207,"href":"https:\/\/ladepeche.mr\/index.php?rest_route=\/wp\/v2\/posts\/15203\/revisions\/15207"}],"wp:featuredmedia":[{"embeddable":true,"href":"https:\/\/ladepeche.mr\/index.php?rest_route=\/wp\/v2\/media\/15204"}],"wp:attachment":[{"href":"https:\/\/ladepeche.mr\/index.php?rest_route=%2Fwp%2Fv2%2Fmedia&parent=15203"}],"wp:term":[{"taxonomy":"category","embeddable":true,"href":"https:\/\/ladepeche.mr\/index.php?rest_route=%2Fwp%2Fv2%2Fcategories&post=15203"},{"taxonomy":"post_tag","embeddable":true,"href":"https:\/\/ladepeche.mr\/index.php?rest_route=%2Fwp%2Fv2%2Ftags&post=15203"}],"curies":[{"name":"wp","href":"https:\/\/api.w.org\/{rel}","templated":true}]}}