{"id":15208,"date":"2025-04-23T18:27:37","date_gmt":"2025-04-23T18:27:37","guid":{"rendered":"https:\/\/ladepeche.mr\/?p=15208"},"modified":"2025-04-23T18:43:23","modified_gmt":"2025-04-23T18:43:23","slug":"consolidation-de-la-paix-le-comite-de-pilotage-veut-identifier-les-priorites-et-domaines-dintervention-pour-la-prochaine-phase","status":"publish","type":"post","link":"https:\/\/ladepeche.mr\/?p=15208","title":{"rendered":"Consolidation de la Paix: Le comit\u00e9 de pilotage veut  identifier les priorit\u00e9s et domaines d\u2019intervention pour la prochaine phase"},"content":{"rendered":"<p><!--more--><\/p>\n<p>Le Comit\u00e9 de pilotage des projets de consolidation de la paix (CoPII) s&#8217;est r\u00e9uni mercredi matin \u00e0 Nouakchott, avec la participation de repr\u00e9sentants du minist\u00e8re de l&#8217;\u00e9conomie et des finances, du syst\u00e8me des Nations Unies, des organisations de la soci\u00e9t\u00e9 civile et de plusieurs partenaires internationaux.<\/p>\n<p>La r\u00e9union avait pour objectif d&#8217;\u00e9valuer l&#8217;\u00e9tat d&#8217;avancement des projets financ\u00e9s par le Fonds de Consolidation de la Paix des Nations Unies (PBF), \u00e0 identifier les priorit\u00e9s pour la prochaine phase et \u00e0 identifier les domaines d&#8217;intervention prioritaires.<\/p>\n<p>Les participants ont discut\u00e9 des d\u00e9fis rencontr\u00e9s dans la mise en \u0153uvre des projets en cours, en se concentrant sur les le\u00e7ons apprises et les opportunit\u00e9s de maximiser l&#8217;impact positif sur les communaut\u00e9s cibles.<\/p>\n<p>S&#8217;exprimant \u00e0 cette occasion, le directeur g\u00e9n\u00e9ral adjoint des politiques et strat\u00e9gies de d\u00e9veloppement au minist\u00e8re de l&#8217;Economie et des Finances, M. Abderrahmane Ould Deddy, a soulign\u00e9 l&#8217;importance de la coordination entre les diff\u00e9rents acteurs pour garantir des r\u00e9sultats tangibles sur le terrain. &#8220;La promotion de la paix n&#8217;est pas un chemin lin\u00e9aire, mais un engagement collectif qui exige un dialogue permanent, une grande flexibilit\u00e9 et  une int\u00e9gration entre les partenaires&#8221;, a-t-il ajout\u00e9.<\/p>\n<p>La r\u00e9union s&#8217;inscrit dans le cadre des efforts d\u00e9ploy\u00e9s par notre pays pour consolider les fondements d&#8217;une paix durable gr\u00e2ce \u00e0 des projets de d\u00e9veloppement globaux qui favorisent la participation des communaut\u00e9s et incarnent un partenariat efficace entre le gouvernement et les organisations internationales.<\/p>\n<p>La rencontre constitue une plateforme essentielle pour l&#8217;\u00e9valuation des performances et la planification strat\u00e9gique conjointe, afin de soutenir la stabilit\u00e9 et de promouvoir la coh\u00e9sion sociale dans le pays.<br \/>\nTitre LDM<\/p>\n","protected":false},"excerpt":{"rendered":"","protected":false},"author":2,"featured_media":15211,"comment_status":"open","ping_status":"open","sticky":false,"template":"","format":"standard","meta":{"footnotes":""},"categories":[18],"tags":[],"class_list":["post-15208","post","type-post","status-publish","format-standard","has-post-thumbnail","hentry","category-actualites"],"_links":{"self":[{"href":"https:\/\/ladepeche.mr\/index.php?rest_route=\/wp\/v2\/posts\/15208","targetHints":{"allow":["GET"]}}],"collection":[{"href":"https:\/\/ladepeche.mr\/index.php?rest_route=\/wp\/v2\/posts"}],"about":[{"href":"https:\/\/ladepeche.mr\/index.php?rest_route=\/wp\/v2\/types\/post"}],"author":[{"embeddable":true,"href":"https:\/\/ladepeche.mr\/index.php?rest_route=\/wp\/v2\/users\/2"}],"replies":[{"embeddable":true,"href":"https:\/\/ladepeche.mr\/index.php?rest_route=%2Fwp%2Fv2%2Fcomments&post=15208"}],"version-history":[{"count":4,"href":"https:\/\/ladepeche.mr\/index.php?rest_route=\/wp\/v2\/posts\/15208\/revisions"}],"predecessor-version":[{"id":15214,"href":"https:\/\/ladepeche.mr\/index.php?rest_route=\/wp\/v2\/posts\/15208\/revisions\/15214"}],"wp:featuredmedia":[{"embeddable":true,"href":"https:\/\/ladepeche.mr\/index.php?rest_route=\/wp\/v2\/media\/15211"}],"wp:attachment":[{"href":"https:\/\/ladepeche.mr\/index.php?rest_route=%2Fwp%2Fv2%2Fmedia&parent=15208"}],"wp:term":[{"taxonomy":"category","embeddable":true,"href":"https:\/\/ladepeche.mr\/index.php?rest_route=%2Fwp%2Fv2%2Fcategories&post=15208"},{"taxonomy":"post_tag","embeddable":true,"href":"https:\/\/ladepeche.mr\/index.php?rest_route=%2Fwp%2Fv2%2Ftags&post=15208"}],"curies":[{"name":"wp","href":"https:\/\/api.w.org\/{rel}","templated":true}]}}