{"id":15221,"date":"2025-04-24T18:19:18","date_gmt":"2025-04-24T18:19:18","guid":{"rendered":"https:\/\/ladepeche.mr\/?p=15221"},"modified":"2025-04-24T18:22:11","modified_gmt":"2025-04-24T18:22:11","slug":"la-mauritanie-a-la-reunion-des-ministres-arabes-des-finances-et-des-gouverneurs-des-banques-centrales-avec-la-directrice-generale-du-fmi","status":"publish","type":"post","link":"https:\/\/ladepeche.mr\/?p=15221","title":{"rendered":"La Mauritanie \u00e0 la r\u00e9union des ministres arabes des Finances et des gouverneurs des Banques centrales avec la DG du FMI"},"content":{"rendered":"<p>Son Excellence le ministre de l&#8217;\u00c9conomie et des Finances, M. Sid&#8217; Ahmed Ould Bouh, et le gouverneur de la Banque centrale de Mauritanie, M. Mohamed Lemine Ould Dhehbi, ont pris part mercredi \u00e0 la r\u00e9union des ministres de l&#8217;\u00e9conomie et des finances et des gouverneurs des banques centrales des pays arabes et de la r\u00e9gion du Moyen-Orient et de l&#8217;Afrique du Nord (MENA) avec la directrice g\u00e9n\u00e9rale du Fonds mon\u00e9taire international (FMI), Mme Kristalina Georgieva, dans le cadre des r\u00e9unions de printemps du Fonds mon\u00e9taire international et du Groupe de la Banque mondiale qui se tiennent \u00e0 Washington, DC.<\/p>\n<p>La r\u00e9union a \u00e9t\u00e9 consacr\u00e9e \u00e0 l&#8217;examen des principaux d\u00e9fis \u00e9conomiques et financiers auxquels sont confront\u00e9s les pays de la r\u00e9gion \u00e0 la lumi\u00e8re des cons\u00e9quences persistantes des crises mondiales, et a donn\u00e9 lieu \u00e0 un \u00e9change de vues sur les politiques requises pour promouvoir une croissance inclusive et durable, ainsi que sur le r\u00f4le des institutions financi\u00e8res internationales dans le soutien des programmes de r\u00e9forme \u00e9conomique et le renforcement de la r\u00e9silience aux chocs.<\/p>\n<p>La rencontre est une plateforme r\u00e9guli\u00e8re d&#8217;\u00e9change de vues entre les responsables financiers et mon\u00e9taires de la r\u00e9gion et la direction du FMI, afin de renforcer la coop\u00e9ration conjointe et d&#8217;anticiper les d\u00e9fis \u00e9conomiques \u00e0 venir.<br \/>\nSource MEF<\/p>\n","protected":false},"excerpt":{"rendered":"<p>Son Excellence le ministre de l&#8217;\u00c9conomie et des Finances, M. Sid&#8217; Ahmed Ould Bouh, et le gouverneur de la Banque centrale de Mauritanie, M. Mohamed Lemine Ould Dhehbi, ont pris part mercredi \u00e0 la r\u00e9union des ministres de l&#8217;\u00e9conomie et des finances et des gouverneurs des banques centrales des pays arabes et de la r\u00e9gion &hellip;<\/p>\n","protected":false},"author":2,"featured_media":15222,"comment_status":"open","ping_status":"open","sticky":false,"template":"","format":"standard","meta":{"footnotes":""},"categories":[18,2],"tags":[],"class_list":["post-15221","post","type-post","status-publish","format-standard","has-post-thumbnail","hentry","category-actualites","category-economie"],"_links":{"self":[{"href":"https:\/\/ladepeche.mr\/index.php?rest_route=\/wp\/v2\/posts\/15221","targetHints":{"allow":["GET"]}}],"collection":[{"href":"https:\/\/ladepeche.mr\/index.php?rest_route=\/wp\/v2\/posts"}],"about":[{"href":"https:\/\/ladepeche.mr\/index.php?rest_route=\/wp\/v2\/types\/post"}],"author":[{"embeddable":true,"href":"https:\/\/ladepeche.mr\/index.php?rest_route=\/wp\/v2\/users\/2"}],"replies":[{"embeddable":true,"href":"https:\/\/ladepeche.mr\/index.php?rest_route=%2Fwp%2Fv2%2Fcomments&post=15221"}],"version-history":[{"count":3,"href":"https:\/\/ladepeche.mr\/index.php?rest_route=\/wp\/v2\/posts\/15221\/revisions"}],"predecessor-version":[{"id":15225,"href":"https:\/\/ladepeche.mr\/index.php?rest_route=\/wp\/v2\/posts\/15221\/revisions\/15225"}],"wp:featuredmedia":[{"embeddable":true,"href":"https:\/\/ladepeche.mr\/index.php?rest_route=\/wp\/v2\/media\/15222"}],"wp:attachment":[{"href":"https:\/\/ladepeche.mr\/index.php?rest_route=%2Fwp%2Fv2%2Fmedia&parent=15221"}],"wp:term":[{"taxonomy":"category","embeddable":true,"href":"https:\/\/ladepeche.mr\/index.php?rest_route=%2Fwp%2Fv2%2Fcategories&post=15221"},{"taxonomy":"post_tag","embeddable":true,"href":"https:\/\/ladepeche.mr\/index.php?rest_route=%2Fwp%2Fv2%2Ftags&post=15221"}],"curies":[{"name":"wp","href":"https:\/\/api.w.org\/{rel}","templated":true}]}}