{"id":15229,"date":"2025-04-24T18:42:49","date_gmt":"2025-04-24T18:42:49","guid":{"rendered":"https:\/\/ladepeche.mr\/?p=15229"},"modified":"2025-04-24T18:50:21","modified_gmt":"2025-04-24T18:50:21","slug":"le-president-de-la-republique-supervise-la-remise-du-prix-du-president-de-la-republique-pour-la-memorisation-et-la-comprehension-des-textes-religieux-enseignes-a-la-mahadra","status":"publish","type":"post","link":"https:\/\/ladepeche.mr\/?p=15229","title":{"rendered":"Le Pr\u00e9sident supervise la remise du Prix pour la m\u00e9morisation des textes religieux"},"content":{"rendered":"<p>Son Excellence le Pr\u00e9sident de la R\u00e9publique, Monsieur Mohamed Ould Cheikh El Ghazouani, a supervis\u00e9, jeudi matin, au Palais des congr\u00e8s de Nouakchott, la c\u00e9r\u00e9monie de remise de la cinqui\u00e8me \u00e9dition du prix du Pr\u00e9sident de la R\u00e9publique pour la m\u00e9morisation et la compr\u00e9hension des textes religieux enseign\u00e9s \u00e0 la mahadra.<br \/>\nInstitutionnalis\u00e9 en 2020 par d\u00e9cision pr\u00e9sidentiel lors du Conseil des ministres du 16 septembre, ce concours national a pour objectif de stimuler l\u2019excellence acad\u00e9mique parmi les \u00e9tudiants des mahadras. Il s\u2019inscrit \u00e9galement dans une d\u00e9marche de sauvegarde de la sp\u00e9cificit\u00e9 nationale en mati\u00e8re d\u2019enseignement originel, de p\u00e9rennisation de sa m\u00e9thodologie, et de consolidation des comp\u00e9tences des \u00e9tudiants dans la m\u00e9morisation, la compr\u00e9hension et l\u2019enseignement des textes religieux. Enfin, il contribue au rayonnement culturel et civilisationnel de notre pays, nourri par la ma\u00eetrise des sciences religieuses et linguistiques.<\/p>\n<p>Le programme du concours couvre l\u2019int\u00e9gralit\u00e9 du cursus enseign\u00e9 dans les grandes mahadras du pays, incluant: le Coran et ses sciences, la jurisprudence islamique (fiqh) et ses fondements, les sciences du Hadith, la biographie du proph\u00e8te (PSL), la langue arabe et ses sciences.<br \/>\nL\u2019\u00e9v\u00e9nement a d\u00e9but\u00e9 par la lecture de versets du saint coran. S\u2019ensuit la projection d\u2019un film documentaire et la d\u00e9clamation de po\u00e8mes louant l\u2019initiative et mettant en lumi\u00e8re le r\u00f4le pionnier de la mahadra dans le paysage civilisationnel du pays.<\/p>\n<p>Par la suite, le Pr\u00e9sident de la R\u00e9publique a remis au premier laur\u00e9at, Abdel Jelil Mohamed Sidiya, le prix de 5 millions MRO. Le deuxi\u00e8me laur\u00e9at, Abderrahmane Ahmed Jiddou, s\u2019est vu d\u00e9cerner le prix de 4 millions MRO par le Premier ministre, M. El Moctar Ould Diay, tandis que Mohamed Ahmedou Cheikh Ahmed, troisi\u00e8me laur\u00e9at, a<\/p>\n<p>re\u00e7u le prix de 3 millions MRO de la part du ministre des Affaires islamiques et de l\u2019Enseignement originel, M. Sidi Yahya Ould Cheikhna Lemrabott. Le quatri\u00e8me<\/p>\n<p>laur\u00e9at, Ali Naji, a \u00e9t\u00e9 honor\u00e9 du prix de 2 millions MRO par le pr\u00e9sident de l\u2019Autorit\u00e9 des affaires islamiques et des Awqafs des Emirats arabes, Dr. Oumar Hatour Al-Darei. Quant au cinqui\u00e8me laur\u00e9at, Abdel Hamid Cheikh Mohameden, il s\u2019est vu attribuer 1 million MRO par le Secr\u00e9taire g\u00e9n\u00e9ral de l\u2019Association des Oul\u00e9mas de Mauritanie, M. Cheikh Ould Saleh.<\/p>\n<p>Dans son discours prononc\u00e9 pour l\u2019occasion, le ministre des Affaires islamiques a soulign\u00e9 que ce prix traduit la volont\u00e9 du Pr\u00e9sident de la R\u00e9publique de redonner vie au riche patrimoine culturel du pays, menac\u00e9 par l\u2019oubli, et d\u2019encourager toutes les composantes de la soci\u00e9t\u00e9 \u00e0 valoriser davantage l\u2019enseignement mahadra, rempart contre les d\u00e9rives id\u00e9ologiques, l\u2019extr\u00e9misme et l\u2019intol\u00e9rance.<\/p>\n<p>Il a ajout\u00e9 que ce prix repr\u00e9sente une avanc\u00e9e significative parmi les r\u00e9alisations notables enregistr\u00e9es dans les secteurs vitaux, en particulier dans le domaine religieux, illustrant la place \u00e9minente qu\u2019occupe la Mauritanie dans ce domaine. Le succ\u00e8s remarquable de cette \u00e9dition, a-t-il indiqu\u00e9, t\u00e9moigne de l\u2019int\u00e9r\u00eat croissant port\u00e9 \u00e0 la mahadra et de la qualit\u00e9 de ses \u00e9l\u00e8ves.<\/p>\n<p>Il a \u00e9galement affirm\u00e9 que l\u2019organisation de la comp\u00e9tition a \u00e9t\u00e9 guid\u00e9e par les principes d\u2019\u00e9quit\u00e9 et de transparence, conform\u00e9ment aux orientations du Pr\u00e9sident de la R\u00e9publique, pr\u00e9cisant que cette initiative vise \u00e0 inciter la jeunesse \u00e0 s\u2019approprier le savoir en g\u00e9n\u00e9ral, et \u00e0 s\u2019impr\u00e9gner des enseignements de la mahadra, fond\u00e9s sur les valeurs de mod\u00e9ration et de tol\u00e9rance.<\/p>\n<p>Pour sa part, le secr\u00e9taire g\u00e9n\u00e9ral de l\u2019association des Oul\u00e9mas de Mauritanie, M. Cheikh Ould Saleh, a affirm\u00e9 que la mahadra a, au fil des si\u00e8cles, constitu\u00e9 un rep\u00e8re historique et civilisationnel dans cette \u00e9tendue d\u00e9sertique, triomphant des rigueurs de la nature pour ancrer la culture entre dunes et collines. Il a pr\u00e9cis\u00e9 que la mahadra mauritanienne demeure une source d\u2019inspiration et un foyer de savoir et de formation, caract\u00e9ris\u00e9 par une singularit\u00e9 p\u00e9dagogique fond\u00e9e sur l\u2019enracinement, la mod\u00e9ration et la droiture.<\/p>\n<p>Le Pr\u00e9sident de l\u2019Autorit\u00e9 des Affaires islamiques et des Awaqafs des \u00c9mirats arabes unis, Dr. Oumar Hatour Al-Darei, a quant \u00e0 lui, transmis \u00e0 Son Excellence le Pr\u00e9sident de la R\u00e9publique, M. Mohamed Ould Cheikh El Ghazouani, ainsi qu\u2019au peuple mauritanien, les salutations de Son Altesse Cheikh Mohamed ben Zayed Al Nahyan, Pr\u00e9sident de l\u2019\u00c9tat des \u00c9mirats arabes unis, \u00e0 l\u2019occasion de cet heureux \u00e9v\u00e9nement. Il a affirm\u00e9 que le rayonnement de la mahadra chinguittienne s\u2019\u00e9tait \u00e9tendu de mani\u00e8re pr\u00e9coce aux \u00c9mirats, \u00e0 travers une \u00e9lite de savants, appelant \u00e0 renforcer davantage cette position prestigieuse qu\u2019elle continue d\u2019occuper.<\/p>\n<p>Prenant la parole au nom des laur\u00e9ats, M. Abdel Jelil Ahmedou Mohamed Sidiya, a exprim\u00e9 sa profonde gratitude envers le Pr\u00e9sident de la R\u00e9publique pour l\u2019int\u00e9r\u00eat particulier qu\u2019il porte \u00e0 l\u2019enseignement originel et pour son soutien constant aux dipl\u00f4m\u00e9s des mahadras. Il a \u00e9galement salu\u00e9 les efforts du minist\u00e8re de tutelle pour avoir assur\u00e9 une organisation exemplaire du concours, dans un esprit de saine comp\u00e9tition et de transparence, conform\u00e9ment aux hautes orientations du Pr\u00e9sident de la R\u00e9publique.<\/p>\n<p>Il a d\u00e9clar\u00e9 que ce prix ravive la m\u00e9moire \u00e9clatante de la mahadra, rappelant le r\u00f4le scientifique de la Mauritanie et soulignant que la stabilit\u00e9 et la paix reposent sur la mod\u00e9ration et la pr\u00e9servation des valeurs islamiques. Il a rappel\u00e9 que le pays s\u2019enorgueillit d\u2019un legs intellectuel riche, b\u00e2ti par ses Oul\u00e9mas, garants de la temp\u00e9rance et du rejet des extr\u00eames.<\/p>\n<p>La c\u00e9r\u00e9monie s\u2019est d\u00e9roul\u00e9e en pr\u00e9sence du Premier ministre, du Pr\u00e9sident du Conseil constitutionnel, du Chef de file de l\u2019opposition d\u00e9mocratique, du ministre secr\u00e9taire g\u00e9n\u00e9ral de la Pr\u00e9sidence, du ministre charg\u00e9 du cabinet du Pr\u00e9sident, des deux ministres-conseillers \u00e0 la Pr\u00e9sidence, de plusieurs membres du gouvernement, du wali de Nouakchott-Ouest, de la pr\u00e9sidente du Conseil r\u00e9gional de Nouakchott, du maire de Tevragh-Zeina, ainsi que de plusieurs hauts responsables militaires et s\u00e9curitaires, membres du corps diplomatique, \u00e9rudits et figures intellectuelles et culturelles du pays.<br \/>\nAmi<br \/>\nTitre LDM<\/p>\n","protected":false},"excerpt":{"rendered":"<p>Son Excellence le Pr\u00e9sident de la R\u00e9publique, Monsieur Mohamed Ould Cheikh El Ghazouani, a supervis\u00e9, jeudi matin, au Palais des congr\u00e8s de Nouakchott, la c\u00e9r\u00e9monie de remise de la cinqui\u00e8me \u00e9dition du prix du Pr\u00e9sident de la R\u00e9publique pour la m\u00e9morisation et la compr\u00e9hension des textes religieux enseign\u00e9s \u00e0 la mahadra. Institutionnalis\u00e9 en 2020 par &hellip;<\/p>\n","protected":false},"author":2,"featured_media":15230,"comment_status":"open","ping_status":"open","sticky":false,"template":"","format":"standard","meta":{"footnotes":""},"categories":[18,15],"tags":[],"class_list":["post-15229","post","type-post","status-publish","format-standard","has-post-thumbnail","hentry","category-actualites","category-culture"],"_links":{"self":[{"href":"https:\/\/ladepeche.mr\/index.php?rest_route=\/wp\/v2\/posts\/15229","targetHints":{"allow":["GET"]}}],"collection":[{"href":"https:\/\/ladepeche.mr\/index.php?rest_route=\/wp\/v2\/posts"}],"about":[{"href":"https:\/\/ladepeche.mr\/index.php?rest_route=\/wp\/v2\/types\/post"}],"author":[{"embeddable":true,"href":"https:\/\/ladepeche.mr\/index.php?rest_route=\/wp\/v2\/users\/2"}],"replies":[{"embeddable":true,"href":"https:\/\/ladepeche.mr\/index.php?rest_route=%2Fwp%2Fv2%2Fcomments&post=15229"}],"version-history":[{"count":3,"href":"https:\/\/ladepeche.mr\/index.php?rest_route=\/wp\/v2\/posts\/15229\/revisions"}],"predecessor-version":[{"id":15233,"href":"https:\/\/ladepeche.mr\/index.php?rest_route=\/wp\/v2\/posts\/15229\/revisions\/15233"}],"wp:featuredmedia":[{"embeddable":true,"href":"https:\/\/ladepeche.mr\/index.php?rest_route=\/wp\/v2\/media\/15230"}],"wp:attachment":[{"href":"https:\/\/ladepeche.mr\/index.php?rest_route=%2Fwp%2Fv2%2Fmedia&parent=15229"}],"wp:term":[{"taxonomy":"category","embeddable":true,"href":"https:\/\/ladepeche.mr\/index.php?rest_route=%2Fwp%2Fv2%2Fcategories&post=15229"},{"taxonomy":"post_tag","embeddable":true,"href":"https:\/\/ladepeche.mr\/index.php?rest_route=%2Fwp%2Fv2%2Ftags&post=15229"}],"curies":[{"name":"wp","href":"https:\/\/api.w.org\/{rel}","templated":true}]}}